{"id":26402,"date":"2025-03-25T11:09:35","date_gmt":"2025-03-25T08:09:35","guid":{"rendered":"https:\/\/www.egemtv.com\/?p=26402"},"modified":"2025-03-25T11:09:40","modified_gmt":"2025-03-25T08:09:40","slug":"egiad-gelecegin-liderlerini-bulusturdu","status":"publish","type":"post","link":"https:\/\/www.egemtv.com\/?p=26402","title":{"rendered":"EG\u0130AD, gelece\u011fin liderlerini bulu\u015fturdu"},"content":{"rendered":"<p>Ege Gen\u00e7 \u0130\u015f \u0130nsanlar\u0131 Derne\u011fi (EG\u0130AD), i\u015f d\u00fcnyas\u0131nda iz b\u0131rakmak, fark olu\u015fturmak ve gelece\u011fin ba\u015far\u0131l\u0131 liderleri aras\u0131nda yer almak isteyen \u00fcyelerine y\u00f6n vermek amac\u0131yla &#8220;Gen\u00e7 \u0130\u015f \u0130nsan\u0131 ve Liderlik&#8221; semineri d\u00fczenledi.<br \/>\n<br \/>Toplum, Sanat ve Spor Komisyonu\u2019nun organizasyonuyla ger\u00e7ekle\u015fen &#8220;Gen\u00e7 \u0130\u015f \u0130nsan\u0131 ve Liderlik&#8221; seminerde \u00dcst D\u00fczey Y\u00f6netici Ko\u00e7u Naci Demiral, ba\u015far\u0131l\u0131 bir liderin sahip olmas\u0131 gereken beceriler ve de\u011fer temelli liderlik anlay\u0131\u015f\u0131 \u00fczerine \u00e7arp\u0131c\u0131 bilgiler payla\u015ft\u0131. De\u011fer temelli liderli\u011fin \u015firketler ve toplumlar \u00fczerindeki etkisini anlatan Demiral, ayn\u0131 zamanda &#8220;De\u011fer\u2019Lider&#8221; adl\u0131 kitab\u0131n\u0131 da tan\u0131tt\u0131. EG\u0130AD 18. D\u00f6nem projelerinden biri olarak hayata ge\u00e7irilen EG\u0130AD Kitap Kul\u00fcb\u00fc\u2019n\u00fcn ilk kitab\u0131 olarak belirlenen &#8220;De\u011fer\u2019Lider&#8221;, i\u015f hayat\u0131nda sadece ba\u015far\u0131ya de\u011fil, ayn\u0131 zamanda s\u00fcrd\u00fcr\u00fclebilir bir etkiye ula\u015fman\u0131n yollar\u0131n\u0131 sunarak dikkat \u00e7ekiyor.<\/p>\n<p>Liderlik anlay\u0131\u015f\u0131 de\u011fi\u015fiyor<br \/>\n<br \/>Seminerin a\u00e7\u0131l\u0131\u015f konu\u015fmas\u0131n\u0131 yapan EG\u0130AD Ba\u015fkan\u0131 Kaan \u00d6zhelvac\u0131, liderli\u011fin tarihsel s\u00fcre\u00e7te s\u00fcrekli bir de\u011fi\u015fim ve geli\u015fim g\u00f6sterdi\u011fine vurgu yaparak, g\u00fcn\u00fcm\u00fczde ba\u015far\u0131l\u0131 bir liderin sahip olmas\u0131 gereken becerilerin \u00e7ok daha kritik hale geldi\u011fini belirtti. &#8220;Gelece\u011fin liderleri yaln\u0131zca bug\u00fcn\u00fc y\u00f6netenler de\u011fil, ayn\u0131 zamanda yar\u0131n\u0131 in\u015fa edenlerdir. Ba\u015far\u0131l\u0131 olmak sadece finansal kazan\u00e7 sa\u011flamak de\u011fil, ilham vermek ve de\u011fer olu\u015futurmakt\u0131r.&#8221; dedi. Liderlik anlay\u0131\u015f\u0131n\u0131n insan odakl\u0131 bir y\u00f6ne evrildi\u011fini belirten \u00d6zhelvac\u0131, &#8220;G\u00fcn\u00fcm\u00fcz liderleri, y\u00f6nettikleri ki\u015filerin de\u011ferlerini anlamal\u0131, onlara gereken \u00f6nemi vermeli ve ortak bir vizyon etraf\u0131nda kenetlenmelidir. Geleneksel y\u00f6netim modelleri yerini, insan odakl\u0131 modern y\u00f6netim stratejilerine b\u0131rak\u0131yor.&#8221; ifadelerini kulland\u0131.<\/p>\n<p>Liderlik ve de\u011ferler<br \/>\n<br \/>Seminerde etik de\u011ferlerin liderlik anlay\u0131\u015f\u0131ndaki \u00f6nemine de dikkat \u00e7ekildi. \u00d6zhelvac\u0131, &#8220;D\u00fcr\u00fcstl\u00fck tart\u0131\u015f\u0131lamaz bir ilkedir. Liderlik, do\u011fru olan\u0131 savunmay\u0131, etik uygulamalara \u00f6ncelik vermeyi gerektirir. Ayn\u0131 zamanda liderlik, k\u0131sa vadeli kazanca de\u011fil, uzun vadeli toplumsal faydaya odaklanmay\u0131 gerektirir.&#8221; diyerek sorumluluk sahibi liderlerin topluma hizmet etmesi gerekti\u011fini belirtti. Bunun yan\u0131 s\u0131ra, Atat\u00fcrk\u2019\u00fcn liderlik anlay\u0131\u015f\u0131n\u0131n da bir ilham kayna\u011f\u0131 oldu\u011funa de\u011finen \u00d6zhelvac\u0131, &#8220;Atat\u00fcrk, liderli\u011fini ak\u0131l ve bilimin yan\u0131 s\u0131ra adalet, \u00f6zg\u00fcrl\u00fck ve e\u015fitlik gibi evrensel de\u011ferlere dayand\u0131rm\u0131\u015ft\u0131r. Onun liderlik anlay\u0131\u015f\u0131, sadece ge\u00e7mi\u015fi de\u011fil, gelece\u011fi de ayd\u0131nlatan bir mirast\u0131r.&#8221; diye konu\u015ftu.<\/p>\n<p>EG\u0130AD Kitap Kul\u00fcb\u00fc ile Liderlik Okulu Misyonu<br \/>\n<br \/>EG\u0130AD olarak 18. d\u00f6nemde \u00fcyelerin ki\u015fisel geli\u015fimlerine katk\u0131 sa\u011flamaya odakland\u0131klar\u0131n\u0131 belirten \u00d6zhelvac\u0131, &#8220;EG\u0130AD Kitap Kul\u00fcb\u00fc\u2019n\u00fc ba\u015flatarak, \u00fcyelerimizin liderlik vas\u0131flar\u0131n\u0131 geli\u015ftirecek kaynaklara ula\u015fmas\u0131n\u0131 ama\u00e7l\u0131yoruz. Gelecekte \u00fcyelerimizden \u2019EG\u0130AD sayesinde bu niteliklere sahip oldum\u2019 s\u00f6zlerini duymak en b\u00fcy\u00fck hedefimiz.&#8221; dedi.<br \/>\n<br \/>EG\u0130AD\u2019\u0131n, gelece\u011fin liderlerini yeti\u015ftirmek, i\u015f d\u00fcnyas\u0131na ilham vermek ve etik de\u011ferlerle g\u00fc\u00e7lendirilmi\u015f bir liderlik anlay\u0131\u015f\u0131n\u0131 yayg\u0131nla\u015ft\u0131rmak amac\u0131yla d\u00fczenledi\u011fi bu gibi etkinliklerle, S\u00fcrd\u00fcr\u00fclebilir Toplumsal ve Ekonomik Kalk\u0131nmay\u0131 desteklemeyi hedefledi\u011fi belirtildi.<br \/><\/p>\n","protected":false},"excerpt":{"rendered":"<p>Ege Gen\u00e7 \u0130\u015f \u0130nsanlar\u0131 Derne\u011fi (EG\u0130AD), i\u015f d\u00fcnyas\u0131nda iz b\u0131rakmak, fark olu\u015fturmak ve gelece\u011fin ba\u015far\u0131l\u0131 liderleri aras\u0131nda yer almak isteyen \u00fcyelerine y\u00f6n vermek amac\u0131yla &#8220;Gen\u00e7 \u0130\u015f \u0130nsan\u0131 ve Liderlik&#8221; semineri d\u00fczenledi. Toplum, Sanat ve Spor Komisyonu\u2019nun organizasyonuyla ger\u00e7ekle\u015fen &#8220;Gen\u00e7 \u0130\u015f \u0130nsan\u0131 ve Liderlik&#8221; seminerde \u00dcst D\u00fczey Y\u00f6netici Ko\u00e7u Naci Demiral, ba\u015far\u0131l\u0131 bir liderin sahip olmas\u0131&#8230;<\/p>\n","protected":false},"author":1,"featured_media":26403,"comment_status":"open","ping_status":"open","sticky":false,"template":"","format":"standard","meta":{"_crdt_document":"","footnotes":""},"categories":[125],"tags":[],"class_list":["post-26402","post","type-post","status-publish","format-standard","has-post-thumbnail","hentry","category-ekonomi"],"_links":{"self":[{"href":"https:\/\/www.egemtv.com\/index.php?rest_route=\/wp\/v2\/posts\/26402","targetHints":{"allow":["GET"]}}],"collection":[{"href":"https:\/\/www.egemtv.com\/index.php?rest_route=\/wp\/v2\/posts"}],"about":[{"href":"https:\/\/www.egemtv.com\/index.php?rest_route=\/wp\/v2\/types\/post"}],"author":[{"embeddable":true,"href":"https:\/\/www.egemtv.com\/index.php?rest_route=\/wp\/v2\/users\/1"}],"replies":[{"embeddable":true,"href":"https:\/\/www.egemtv.com\/index.php?rest_route=%2Fwp%2Fv2%2Fcomments&post=26402"}],"version-history":[{"count":1,"href":"https:\/\/www.egemtv.com\/index.php?rest_route=\/wp\/v2\/posts\/26402\/revisions"}],"predecessor-version":[{"id":26404,"href":"https:\/\/www.egemtv.com\/index.php?rest_route=\/wp\/v2\/posts\/26402\/revisions\/26404"}],"wp:featuredmedia":[{"embeddable":true,"href":"https:\/\/www.egemtv.com\/index.php?rest_route=\/wp\/v2\/media\/26403"}],"wp:attachment":[{"href":"https:\/\/www.egemtv.com\/index.php?rest_route=%2Fwp%2Fv2%2Fmedia&parent=26402"}],"wp:term":[{"taxonomy":"category","embeddable":true,"href":"https:\/\/www.egemtv.com\/index.php?rest_route=%2Fwp%2Fv2%2Fcategories&post=26402"},{"taxonomy":"post_tag","embeddable":true,"href":"https:\/\/www.egemtv.com\/index.php?rest_route=%2Fwp%2Fv2%2Ftags&post=26402"}],"curies":[{"name":"wp","href":"https:\/\/api.w.org\/{rel}","templated":true}]}}