{"id":26399,"date":"2025-03-25T11:09:29","date_gmt":"2025-03-25T08:09:29","guid":{"rendered":"https:\/\/www.egemtv.com\/?p=26399"},"modified":"2025-03-25T11:09:35","modified_gmt":"2025-03-25T08:09:35","slug":"muglada-dunya-tuberkuloz-gunu-farkindalik-etkinligi","status":"publish","type":"post","link":"https:\/\/www.egemtv.com\/?p=26399","title":{"rendered":"Mu\u011fla\u2019da \u2018D\u00fcnya T\u00fcberk\u00fcloz G\u00fcn\u00fc\u2019 fark\u0131ndal\u0131k etkinli\u011fi"},"content":{"rendered":"<p>24 Mart D\u00fcnya T\u00fcberk\u00fcloz G\u00fcn\u00fc, Mu\u011fla \u0130l Tar\u0131m ve Orman M\u00fcd\u00fcrl\u00fc\u011f\u00fc toplant\u0131 salonunda ger\u00e7ekle\u015ftirilen bir panelle kutland\u0131. Etkinlik, D\u00fcnya Sa\u011fl\u0131k \u00d6rg\u00fct\u00fc\u2019n\u00fcn tavsiyeleri do\u011frultusunda, 1996 y\u0131l\u0131ndan bu yana her y\u0131l 24 Mart\u2019ta fark\u0131ndal\u0131k olu\u015fturmak amac\u0131yla d\u00fczenleniyor.<br \/>\n<br \/>Mu\u011fla \u0130l Tar\u0131m ve Orman M\u00fcd\u00fcrl\u00fc\u011f\u00fc ile Milas Veteriner Fak\u00fcltesi i\u015f birli\u011finde yap\u0131lan etkinlikte, D\u00fcnya T\u00fcberk\u00fcloz G\u00fcn\u00fc\u2019n\u00fcn \u00f6nemi vurguland\u0131. Panelde, Milas Veteriner Fak\u00fcltesi Dekan\u0131 Prof. Dr. Artay Ya\u011fc\u0131 ve \u0130l Tar\u0131m ve Orman M\u00fcd\u00fcr\u00fc Seyfettin Baydar a\u00e7\u0131l\u0131\u015f konu\u015fmalar\u0131n\u0131 ger\u00e7ekle\u015ftirdi. Ayr\u0131ca, Milas Veteriner Fak\u00fcltesi\u2019nden Prof. Dr. Seyda Cengiz, Dr. \u00d6\u011fretim \u00dcyesi Murat Metli ve \u0130l M\u00fcd\u00fcrl\u00fc\u011f\u00fc Hayvan Sa\u011fl\u0131\u011f\u0131 ve Yeti\u015ftiricili\u011fi \u015eube M\u00fcd\u00fcr\u00fc Mehmet Kuray, t\u00fcberk\u00fcloz hastal\u0131\u011f\u0131 hakk\u0131nda sunumlar yapt\u0131.<br \/>\n<br \/>\u0130l Tar\u0131m ve Orman M\u00fcd\u00fcr\u00fc Seyfettin Baydar, konu\u015fmas\u0131nda, t\u00fcberk\u00fclozun hayvanlardan insanlara bula\u015fabilen bir hastal\u0131k oldu\u011funu belirterek, &#8220;Bakanl\u0131\u011f\u0131m\u0131z, hayvanlardan insanlara ge\u00e7en zoonoz hastal\u0131klarla her zaman m\u00fccadele etmektedir. Her y\u0131l a\u015f\u0131lama ve sa\u011fl\u0131k taramalar\u0131yla bir\u00e7ok hastal\u0131kla m\u00fccadele ediyoruz. Ayr\u0131ca, hastal\u0131ktan ari i\u015fletmeler de t\u00fcberk\u00fcloz ve brucella gibi hastal\u0131klar olmayan hayvanlar\u0131 bar\u0131nd\u0131rmaktad\u0131r. Bu i\u015fletmelerde her y\u0131l t\u00fcberk\u00fcloz taramas\u0131 yap\u0131l\u0131r ve pozitif \u00e7\u0131kan hayvanlar, tazminatla i\u015fletmelerden uzakla\u015ft\u0131r\u0131l\u0131r. Bakanl\u0131\u011f\u0131m\u0131z, hastal\u0131ktan ari i\u015fletmeleri art\u0131rmak i\u00e7in hayvanc\u0131l\u0131k desteklemelerinde ekstra katsay\u0131larla \u00fcreticilerimizi desteklemektedir. \u0130limizde \u015fu an 140 hastal\u0131ktan ari i\u015fletme bulunmakta ve bu i\u015fletmelerdeki hayvan say\u0131s\u0131 12 bindir. Amac\u0131m\u0131z, \u00f6ncelikle hayvan sa\u011fl\u0131\u011f\u0131n\u0131 korumak ve ard\u0131ndan insanlara bula\u015fmas\u0131n\u0131 engellemektir&#8221; dedi.<br \/>\n<br \/>Milas Veteriner Fak\u00fcltesi Dekan\u0131 Prof. Dr. Artay Ya\u011fc\u0131 ise, t\u00fcberk\u00fclozun hayvansal \u00fcr\u00fcnler ve ticaret a\u00e7\u0131s\u0131ndan b\u00fcy\u00fck bir tehdit olu\u015fturdu\u011funu, ayn\u0131 zamanda zoonoz hastal\u0131k olarak halk sa\u011fl\u0131\u011f\u0131n\u0131 ciddi \u015fekilde tehdit etti\u011fini vurgulad\u0131. Ya\u011fc\u0131, veteriner hekimlerin ve sa\u011fl\u0131k personellerinin birlikte \u00e7al\u0131\u015farak, t\u00fcberk\u00fcloz gibi hastal\u0131klar\u0131n etkilerini en aza indirmek i\u00e7in b\u00fcy\u00fck \u00e7aba sarf etti\u011fini belirtti.<br \/><\/p>\n","protected":false},"excerpt":{"rendered":"<p>24 Mart D\u00fcnya T\u00fcberk\u00fcloz G\u00fcn\u00fc, Mu\u011fla \u0130l Tar\u0131m ve Orman M\u00fcd\u00fcrl\u00fc\u011f\u00fc toplant\u0131 salonunda ger\u00e7ekle\u015ftirilen bir panelle kutland\u0131. Etkinlik, D\u00fcnya Sa\u011fl\u0131k \u00d6rg\u00fct\u00fc\u2019n\u00fcn tavsiyeleri do\u011frultusunda, 1996 y\u0131l\u0131ndan bu yana her y\u0131l 24 Mart\u2019ta fark\u0131ndal\u0131k olu\u015fturmak amac\u0131yla d\u00fczenleniyor. Mu\u011fla \u0130l Tar\u0131m ve Orman M\u00fcd\u00fcrl\u00fc\u011f\u00fc ile Milas Veteriner Fak\u00fcltesi i\u015f birli\u011finde yap\u0131lan etkinlikte, D\u00fcnya T\u00fcberk\u00fcloz G\u00fcn\u00fc\u2019n\u00fcn \u00f6nemi vurguland\u0131. Panelde,&#8230;<\/p>\n","protected":false},"author":1,"featured_media":26400,"comment_status":"open","ping_status":"open","sticky":false,"template":"","format":"standard","meta":{"_crdt_document":"","footnotes":""},"categories":[2],"tags":[],"class_list":["post-26399","post","type-post","status-publish","format-standard","has-post-thumbnail","hentry","category-saglik"],"_links":{"self":[{"href":"https:\/\/www.egemtv.com\/index.php?rest_route=\/wp\/v2\/posts\/26399","targetHints":{"allow":["GET"]}}],"collection":[{"href":"https:\/\/www.egemtv.com\/index.php?rest_route=\/wp\/v2\/posts"}],"about":[{"href":"https:\/\/www.egemtv.com\/index.php?rest_route=\/wp\/v2\/types\/post"}],"author":[{"embeddable":true,"href":"https:\/\/www.egemtv.com\/index.php?rest_route=\/wp\/v2\/users\/1"}],"replies":[{"embeddable":true,"href":"https:\/\/www.egemtv.com\/index.php?rest_route=%2Fwp%2Fv2%2Fcomments&post=26399"}],"version-history":[{"count":1,"href":"https:\/\/www.egemtv.com\/index.php?rest_route=\/wp\/v2\/posts\/26399\/revisions"}],"predecessor-version":[{"id":26401,"href":"https:\/\/www.egemtv.com\/index.php?rest_route=\/wp\/v2\/posts\/26399\/revisions\/26401"}],"wp:featuredmedia":[{"embeddable":true,"href":"https:\/\/www.egemtv.com\/index.php?rest_route=\/wp\/v2\/media\/26400"}],"wp:attachment":[{"href":"https:\/\/www.egemtv.com\/index.php?rest_route=%2Fwp%2Fv2%2Fmedia&parent=26399"}],"wp:term":[{"taxonomy":"category","embeddable":true,"href":"https:\/\/www.egemtv.com\/index.php?rest_route=%2Fwp%2Fv2%2Fcategories&post=26399"},{"taxonomy":"post_tag","embeddable":true,"href":"https:\/\/www.egemtv.com\/index.php?rest_route=%2Fwp%2Fv2%2Ftags&post=26399"}],"curies":[{"name":"wp","href":"https:\/\/api.w.org\/{rel}","templated":true}]}}