{"id":26393,"date":"2025-03-25T10:24:34","date_gmt":"2025-03-25T07:24:34","guid":{"rendered":"https:\/\/www.egemtv.com\/?p=26393"},"modified":"2025-03-25T10:24:40","modified_gmt":"2025-03-25T07:24:40","slug":"koskte-1-milyon-tllik-kacak-sigara-baskini","status":"publish","type":"post","link":"https:\/\/www.egemtv.com\/?p=26393","title":{"rendered":"K\u00f6\u015fk\u2019te 1 milyon TL\u2019lik ka\u00e7ak sigara bask\u0131n\u0131"},"content":{"rendered":"<p>Ayd\u0131n\u2019\u0131n K\u00f6\u015fk il\u00e7esinde piyasa de\u011feri 1 milyon 100 bin TL olan 200 kilo a\u00e7\u0131k t\u00fct\u00fcn ve sigara sarma malzemeleri ele ge\u00e7irildi.<\/p>\n<p>Ayd\u0131n \u0130l Jandarma Komutanl\u0131\u011f\u0131 KOM \u015eube M\u00fcd\u00fcrl\u00fc\u011f\u00fc, \u0130stihbarat \u015eube M\u00fcd\u00fcrl\u00fc\u011f\u00fc ve K\u00f6\u015fk \u0130l\u00e7e Jandarma Komutanl\u0131\u011f\u0131nca sigara ka\u00e7ak\u00e7\u0131l\u0131\u011f\u0131na y\u00f6nelik koordineli \u00e7al\u0131\u015fma ger\u00e7ekle\u015ftirildi. Edinilen bilgiye g\u00f6re, \u00c7ar\u015f\u0131 Mahallesi\u2019nde sigara sar\u0131m\u0131 yapan \u015f\u00fcphelinin yap\u0131lan i\u015f yeri aramas\u0131nda 20 bin adet bo\u015f makaron, 12 bin adet i\u00e7i t\u00fct\u00fcn doldurulmu\u015f makaron, 200 kilogram a\u00e7\u0131k t\u00fct\u00fcn, 500 paket 100 graml\u0131k bandroll\u00fc t\u00fct\u00fcn, 50 paket nargile t\u00fct\u00fcn\u00fc, 1 adet kompres\u00f6rl\u00fc sigara sarma makinas\u0131, 1 adet hava kompres\u00f6r\u00fc ele ge\u00e7irildi. Ele ge\u00e7irilen malzemelerin piyasa de\u011feri 1 milyon 100 bin TL oldu\u011fu tespit edilirken, g\u00f6zalt\u0131na al\u0131nan \u015fah\u0131s hakk\u0131nda adli i\u015flem ba\u015flat\u0131ld\u0131.<br \/><\/p>\n","protected":false},"excerpt":{"rendered":"<p>Ayd\u0131n\u2019\u0131n K\u00f6\u015fk il\u00e7esinde piyasa de\u011feri 1 milyon 100 bin TL olan 200 kilo a\u00e7\u0131k t\u00fct\u00fcn ve sigara sarma malzemeleri ele ge\u00e7irildi. Ayd\u0131n \u0130l Jandarma Komutanl\u0131\u011f\u0131 KOM \u015eube M\u00fcd\u00fcrl\u00fc\u011f\u00fc, \u0130stihbarat \u015eube M\u00fcd\u00fcrl\u00fc\u011f\u00fc ve K\u00f6\u015fk \u0130l\u00e7e Jandarma Komutanl\u0131\u011f\u0131nca sigara ka\u00e7ak\u00e7\u0131l\u0131\u011f\u0131na y\u00f6nelik koordineli \u00e7al\u0131\u015fma ger\u00e7ekle\u015ftirildi. Edinilen bilgiye g\u00f6re, \u00c7ar\u015f\u0131 Mahallesi\u2019nde sigara sar\u0131m\u0131 yapan \u015f\u00fcphelinin yap\u0131lan i\u015f yeri aramas\u0131nda&#8230;<\/p>\n","protected":false},"author":1,"featured_media":26394,"comment_status":"open","ping_status":"open","sticky":false,"template":"","format":"standard","meta":{"_crdt_document":"","footnotes":""},"categories":[5],"tags":[],"class_list":["post-26393","post","type-post","status-publish","format-standard","has-post-thumbnail","hentry","category-asayis"],"_links":{"self":[{"href":"https:\/\/www.egemtv.com\/index.php?rest_route=\/wp\/v2\/posts\/26393","targetHints":{"allow":["GET"]}}],"collection":[{"href":"https:\/\/www.egemtv.com\/index.php?rest_route=\/wp\/v2\/posts"}],"about":[{"href":"https:\/\/www.egemtv.com\/index.php?rest_route=\/wp\/v2\/types\/post"}],"author":[{"embeddable":true,"href":"https:\/\/www.egemtv.com\/index.php?rest_route=\/wp\/v2\/users\/1"}],"replies":[{"embeddable":true,"href":"https:\/\/www.egemtv.com\/index.php?rest_route=%2Fwp%2Fv2%2Fcomments&post=26393"}],"version-history":[{"count":1,"href":"https:\/\/www.egemtv.com\/index.php?rest_route=\/wp\/v2\/posts\/26393\/revisions"}],"predecessor-version":[{"id":26395,"href":"https:\/\/www.egemtv.com\/index.php?rest_route=\/wp\/v2\/posts\/26393\/revisions\/26395"}],"wp:featuredmedia":[{"embeddable":true,"href":"https:\/\/www.egemtv.com\/index.php?rest_route=\/wp\/v2\/media\/26394"}],"wp:attachment":[{"href":"https:\/\/www.egemtv.com\/index.php?rest_route=%2Fwp%2Fv2%2Fmedia&parent=26393"}],"wp:term":[{"taxonomy":"category","embeddable":true,"href":"https:\/\/www.egemtv.com\/index.php?rest_route=%2Fwp%2Fv2%2Fcategories&post=26393"},{"taxonomy":"post_tag","embeddable":true,"href":"https:\/\/www.egemtv.com\/index.php?rest_route=%2Fwp%2Fv2%2Ftags&post=26393"}],"curies":[{"name":"wp","href":"https:\/\/api.w.org\/{rel}","templated":true}]}}