{"id":26390,"date":"2025-03-25T10:24:29","date_gmt":"2025-03-25T07:24:29","guid":{"rendered":"https:\/\/www.egemtv.com\/?p=26390"},"modified":"2025-03-25T10:24:33","modified_gmt":"2025-03-25T07:24:33","slug":"jandarmadan-kacan-sahis-yasanan-kovalamaca-sonucu-yakalandi","status":"publish","type":"post","link":"https:\/\/www.egemtv.com\/?p=26390","title":{"rendered":"Jandarmadan ka\u00e7an \u015fah\u0131s ya\u015fanan kovalamaca sonucu yakaland\u0131"},"content":{"rendered":"<p>Ayd\u0131n\u2019\u0131n Ku\u015fadas\u0131 il\u00e7esinde jandarma ekipleri taraf\u0131ndan ger\u00e7ekle\u015ftirilen \u015fok yol emniyet ve kontrol devriyesi s\u0131ras\u0131nda \u015f\u00fcphe \u00fczerine durdurulmak istenen arac\u0131n ka\u00e7mas\u0131 sonucu ya\u015fanan kovalamacada \u00e7e\u015fitli su\u00e7lardan aranan ve kesinle\u015fmi\u015f 5 y\u0131l hapis cezas\u0131 bulunan \u015fah\u0131s yakaland\u0131.<\/p>\n<p>Edinilen bilgiye g\u00f6re, Ku\u015fadas\u0131 \u0130l\u00e7e Jandarma Komutanl\u0131\u011f\u0131 Trafik Jandarmas\u0131 taraf\u0131ndan ger\u00e7ekle\u015ftirilen \u015fok yol emniyet ve kontrol devriyesi esnas\u0131nda \u015f\u00fcphe \u00fczerine durdurulmak istenen bir ara\u00e7 kontrol noktas\u0131na girmeden ka\u00e7t\u0131. Ya\u015fanan kovalamaca sonucu durdurulan ara\u00e7 i\u00e7erisindeki \u015fahs\u0131n; uyu\u015fturucu veya uyar\u0131c\u0131 madde ticareti yapma veya sa\u011flama ile h\u00fck\u00fcml\u00fc veya tutuklunun ka\u00e7mas\u0131 su\u00e7lar\u0131ndan kesinle\u015fmi\u015f 5 y\u0131l hapis cezas\u0131 bulundu\u011fu tespit edilerek g\u00f6zalt\u0131na al\u0131nd\u0131. Jandarmadaki i\u015flemlerinin ard\u0131ndan adliyeye sevk edilen \u015fah\u0131s, \u00e7\u0131kart\u0131ld\u0131\u011f\u0131 adli makamlarca tutuklanarak cezaevine g\u00f6nderildi.<br \/><\/p>\n","protected":false},"excerpt":{"rendered":"<p>Ayd\u0131n\u2019\u0131n Ku\u015fadas\u0131 il\u00e7esinde jandarma ekipleri taraf\u0131ndan ger\u00e7ekle\u015ftirilen \u015fok yol emniyet ve kontrol devriyesi s\u0131ras\u0131nda \u015f\u00fcphe \u00fczerine durdurulmak istenen arac\u0131n ka\u00e7mas\u0131 sonucu ya\u015fanan kovalamacada \u00e7e\u015fitli su\u00e7lardan aranan ve kesinle\u015fmi\u015f 5 y\u0131l hapis cezas\u0131 bulunan \u015fah\u0131s yakaland\u0131. Edinilen bilgiye g\u00f6re, Ku\u015fadas\u0131 \u0130l\u00e7e Jandarma Komutanl\u0131\u011f\u0131 Trafik Jandarmas\u0131 taraf\u0131ndan ger\u00e7ekle\u015ftirilen \u015fok yol emniyet ve kontrol devriyesi esnas\u0131nda \u015f\u00fcphe \u00fczerine&#8230;<\/p>\n","protected":false},"author":1,"featured_media":26391,"comment_status":"open","ping_status":"open","sticky":false,"template":"","format":"standard","meta":{"_crdt_document":"","footnotes":""},"categories":[5],"tags":[],"class_list":["post-26390","post","type-post","status-publish","format-standard","has-post-thumbnail","hentry","category-asayis"],"_links":{"self":[{"href":"https:\/\/www.egemtv.com\/index.php?rest_route=\/wp\/v2\/posts\/26390","targetHints":{"allow":["GET"]}}],"collection":[{"href":"https:\/\/www.egemtv.com\/index.php?rest_route=\/wp\/v2\/posts"}],"about":[{"href":"https:\/\/www.egemtv.com\/index.php?rest_route=\/wp\/v2\/types\/post"}],"author":[{"embeddable":true,"href":"https:\/\/www.egemtv.com\/index.php?rest_route=\/wp\/v2\/users\/1"}],"replies":[{"embeddable":true,"href":"https:\/\/www.egemtv.com\/index.php?rest_route=%2Fwp%2Fv2%2Fcomments&post=26390"}],"version-history":[{"count":1,"href":"https:\/\/www.egemtv.com\/index.php?rest_route=\/wp\/v2\/posts\/26390\/revisions"}],"predecessor-version":[{"id":26392,"href":"https:\/\/www.egemtv.com\/index.php?rest_route=\/wp\/v2\/posts\/26390\/revisions\/26392"}],"wp:featuredmedia":[{"embeddable":true,"href":"https:\/\/www.egemtv.com\/index.php?rest_route=\/wp\/v2\/media\/26391"}],"wp:attachment":[{"href":"https:\/\/www.egemtv.com\/index.php?rest_route=%2Fwp%2Fv2%2Fmedia&parent=26390"}],"wp:term":[{"taxonomy":"category","embeddable":true,"href":"https:\/\/www.egemtv.com\/index.php?rest_route=%2Fwp%2Fv2%2Fcategories&post=26390"},{"taxonomy":"post_tag","embeddable":true,"href":"https:\/\/www.egemtv.com\/index.php?rest_route=%2Fwp%2Fv2%2Ftags&post=26390"}],"curies":[{"name":"wp","href":"https:\/\/api.w.org\/{rel}","templated":true}]}}