{"id":26387,"date":"2025-03-25T10:24:22","date_gmt":"2025-03-25T07:24:22","guid":{"rendered":"https:\/\/www.egemtv.com\/?p=26387"},"modified":"2025-03-25T10:24:29","modified_gmt":"2025-03-25T07:24:29","slug":"didim-belediye-baskani-gencay-ozel-cocuklarla-bir-araya-geldi","status":"publish","type":"post","link":"https:\/\/www.egemtv.com\/?p=26387","title":{"rendered":"Didim Belediye Ba\u015fkan\u0131 Gen\u00e7ay \u00f6zel \u00e7ocuklarla bir araya geldi"},"content":{"rendered":"<p>Didim Belediyesi 21 Mart D\u00fcnya Down Sendromu Fark\u0131ndal\u0131k G\u00fcn\u00fc\u2019nde anlaml\u0131 bir etkinli\u011fe imza att\u0131. \u00d6zel \u00e7ocuklarla bir araya gelen Belediye Ba\u015fkan\u0131 Gen\u00e7ay onlarla sohbet ederek hediyeler verdi.<\/p>\n<p>Didim Belediyesi Meclis Toplant\u0131 salonunda ger\u00e7ekle\u015ftirilen etkinlikte, Didim Belediye Ba\u015fkan\u0131 Hatice Gen\u00e7ay, Didim Y\u00f6resi Engelliler Derne\u011fi Ba\u015fkan\u0131 Tuncer Kura, Didim\u2019de ya\u015fayan Down sendromlu, otizmli \u00e7ocuklar ve aileleri ile bir araya geldi. Etkinlik kapsam\u0131nda, \u00e7ocuklarla keyifli anlar ge\u00e7irip onlarla dans eden Ba\u015fkan Gen\u00e7ay, \u00e7ocuklara i\u00e7erisinde hediyelerin oldu\u011fu \u00e7antalar\u0131 verdi.<\/p>\n<p>Etkinlikte konu\u015fan Ba\u015fkan Gen\u00e7ay, &#8220;21 Mart D\u00fcnya Down Sendromu Fark\u0131ndal\u0131k G\u00fcn\u00fc\u2019nde hayata farkl\u0131l\u0131k ve fark\u0131ndal\u0131k katan down sendromlu \u00e7ocuklar\u0131m\u0131z ile bir araya gelerek y\u00fczlerini arma\u011fanlar\u0131m\u0131zla g\u00fcld\u00fcr\u00fcp, oyunlar oynayarak belediyemizde keyifli vakit ge\u00e7irdik. Farkl\u0131l\u0131klar\u0131m\u0131zla d\u00fcnyay\u0131 daha g\u00fczel bir yere d\u00f6n\u00fc\u015ft\u00fcrmek i\u00e7in beraber mutlulukla \u00e7al\u0131\u015f\u0131yoruz&#8221; dedi.<br \/><\/p>\n","protected":false},"excerpt":{"rendered":"<p>Didim Belediyesi 21 Mart D\u00fcnya Down Sendromu Fark\u0131ndal\u0131k G\u00fcn\u00fc\u2019nde anlaml\u0131 bir etkinli\u011fe imza att\u0131. \u00d6zel \u00e7ocuklarla bir araya gelen Belediye Ba\u015fkan\u0131 Gen\u00e7ay onlarla sohbet ederek hediyeler verdi. Didim Belediyesi Meclis Toplant\u0131 salonunda ger\u00e7ekle\u015ftirilen etkinlikte, Didim Belediye Ba\u015fkan\u0131 Hatice Gen\u00e7ay, Didim Y\u00f6resi Engelliler Derne\u011fi Ba\u015fkan\u0131 Tuncer Kura, Didim\u2019de ya\u015fayan Down sendromlu, otizmli \u00e7ocuklar ve aileleri ile&#8230;<\/p>\n","protected":false},"author":1,"featured_media":26388,"comment_status":"open","ping_status":"open","sticky":false,"template":"","format":"standard","meta":{"_crdt_document":"","footnotes":""},"categories":[1],"tags":[],"class_list":["post-26387","post","type-post","status-publish","format-standard","has-post-thumbnail","hentry","category-guncel"],"_links":{"self":[{"href":"https:\/\/www.egemtv.com\/index.php?rest_route=\/wp\/v2\/posts\/26387","targetHints":{"allow":["GET"]}}],"collection":[{"href":"https:\/\/www.egemtv.com\/index.php?rest_route=\/wp\/v2\/posts"}],"about":[{"href":"https:\/\/www.egemtv.com\/index.php?rest_route=\/wp\/v2\/types\/post"}],"author":[{"embeddable":true,"href":"https:\/\/www.egemtv.com\/index.php?rest_route=\/wp\/v2\/users\/1"}],"replies":[{"embeddable":true,"href":"https:\/\/www.egemtv.com\/index.php?rest_route=%2Fwp%2Fv2%2Fcomments&post=26387"}],"version-history":[{"count":1,"href":"https:\/\/www.egemtv.com\/index.php?rest_route=\/wp\/v2\/posts\/26387\/revisions"}],"predecessor-version":[{"id":26389,"href":"https:\/\/www.egemtv.com\/index.php?rest_route=\/wp\/v2\/posts\/26387\/revisions\/26389"}],"wp:featuredmedia":[{"embeddable":true,"href":"https:\/\/www.egemtv.com\/index.php?rest_route=\/wp\/v2\/media\/26388"}],"wp:attachment":[{"href":"https:\/\/www.egemtv.com\/index.php?rest_route=%2Fwp%2Fv2%2Fmedia&parent=26387"}],"wp:term":[{"taxonomy":"category","embeddable":true,"href":"https:\/\/www.egemtv.com\/index.php?rest_route=%2Fwp%2Fv2%2Fcategories&post=26387"},{"taxonomy":"post_tag","embeddable":true,"href":"https:\/\/www.egemtv.com\/index.php?rest_route=%2Fwp%2Fv2%2Ftags&post=26387"}],"curies":[{"name":"wp","href":"https:\/\/api.w.org\/{rel}","templated":true}]}}