{"id":26384,"date":"2025-03-25T10:24:20","date_gmt":"2025-03-25T07:24:20","guid":{"rendered":"https:\/\/www.egemtv.com\/?p=26384"},"modified":"2025-03-25T10:24:22","modified_gmt":"2025-03-25T07:24:22","slug":"muglada-ozel-ogrenme-guclugu-onerileri-projesi-atolye-calismalari-gerceklestirildi","status":"publish","type":"post","link":"https:\/\/www.egemtv.com\/?p=26384","title":{"rendered":"Mu\u011fla\u2019da &#8220;\u00d6zel \u00f6\u011frenme g\u00fc\u00e7l\u00fc\u011f\u00fc \u00f6nerileri projesi&#8221; at\u00f6lye \u00e7al\u0131\u015fmalar\u0131 ger\u00e7ekle\u015ftirildi"},"content":{"rendered":"<p>Mu\u011fla \u0130l Milli E\u011fitim M\u00fcd\u00fcrl\u00fc\u011f\u00fc ve Mu\u011fla Rehberlik ve Ara\u015ft\u0131rma Merkezi i\u015f birli\u011fiyle y\u00fcr\u00fct\u00fclen &#8220;\u00d6zel \u00d6\u011frenme G\u00fc\u00e7l\u00fc\u011f\u00fc \u00d6nerileri Projesi&#8221; kapsam\u0131nda, Mu\u011fla S\u0131tk\u0131 Ko\u00e7man \u00dcniversitesi (MSK\u00dc) E\u011fitim Fak\u00fcltesi \u00f6\u011frencilerine sunum ger\u00e7ekle\u015ftirildi.<\/p>\n<p>Proje kapsam\u0131nda olu\u015fturulan &#8220;\u00d6zel \u00d6\u011frenme G\u00fc\u00e7l\u00fc\u011f\u00fc At\u00f6lyeleri&#8221;, \u00f6zel \u00f6\u011frenme g\u00fc\u00e7l\u00fc\u011f\u00fc \u00e7eken bireylere y\u00f6nelik e\u011fitimde fark\u0131ndal\u0131k olu\u015fturmay\u0131 ve gelece\u011fin \u00f6\u011fretmenlerini bu alanda bilin\u00e7lendirmeyi ama\u00e7l\u0131yor. E\u011fitim Fak\u00fcltesi \u00f6\u011frencileri, at\u00f6lye \u00e7al\u0131\u015fmalar\u0131na aktif olarak kat\u0131larak \u00f6zel e\u011fitim alan\u0131nda bilgi ve deneyim kazand\u0131.<\/p>\n<p>Ger\u00e7ekle\u015ftirilen etkinlikte, \u00f6zel \u00f6\u011frenme g\u00fc\u00e7l\u00fc\u011f\u00fc \u00e7eken bireylerin e\u011fitim s\u00fcre\u00e7lerinde kar\u015f\u0131la\u015ft\u0131klar\u0131 zorluklar, \u00f6\u011fretmenlerin bu bireylere nas\u0131l daha etkili destek sunabilece\u011fi ve uygulanabilecek y\u00f6ntemler ele al\u0131nd\u0131.<\/p>\n<p>Programa destek veren MSK\u00dc E\u011fitim Fak\u00fcltesi Dekan\u0131 Prof. Dr. Osman Ra\u015fit I\u015f\u0131k, \u00d6zel E\u011fitim B\u00f6l\u00fcm Ba\u015fkan\u0131 Dr. R\u0131fat \u0130\u00e7y\u00fcz ve kat\u0131l\u0131m sa\u011flayan t\u00fcm \u00f6\u011frencilere te\u015fekk\u00fcr edildi. Mu\u011fla \u0130l Milli E\u011fitim M\u00fcd\u00fcrl\u00fc\u011f\u00fc, \u00f6zel e\u011fitim alan\u0131ndaki \u00e7al\u0131\u015fmalar\u0131n devam edece\u011fini belirtti.<br \/><\/p>\n","protected":false},"excerpt":{"rendered":"<p>Mu\u011fla \u0130l Milli E\u011fitim M\u00fcd\u00fcrl\u00fc\u011f\u00fc ve Mu\u011fla Rehberlik ve Ara\u015ft\u0131rma Merkezi i\u015f birli\u011fiyle y\u00fcr\u00fct\u00fclen &#8220;\u00d6zel \u00d6\u011frenme G\u00fc\u00e7l\u00fc\u011f\u00fc \u00d6nerileri Projesi&#8221; kapsam\u0131nda, Mu\u011fla S\u0131tk\u0131 Ko\u00e7man \u00dcniversitesi (MSK\u00dc) E\u011fitim Fak\u00fcltesi \u00f6\u011frencilerine sunum ger\u00e7ekle\u015ftirildi. Proje kapsam\u0131nda olu\u015fturulan &#8220;\u00d6zel \u00d6\u011frenme G\u00fc\u00e7l\u00fc\u011f\u00fc At\u00f6lyeleri&#8221;, \u00f6zel \u00f6\u011frenme g\u00fc\u00e7l\u00fc\u011f\u00fc \u00e7eken bireylere y\u00f6nelik e\u011fitimde fark\u0131ndal\u0131k olu\u015fturmay\u0131 ve gelece\u011fin \u00f6\u011fretmenlerini bu alanda bilin\u00e7lendirmeyi ama\u00e7l\u0131yor. E\u011fitim Fak\u00fcltesi&#8230;<\/p>\n","protected":false},"author":1,"featured_media":26385,"comment_status":"open","ping_status":"open","sticky":false,"template":"","format":"standard","meta":{"_crdt_document":"","footnotes":""},"categories":[1],"tags":[],"class_list":["post-26384","post","type-post","status-publish","format-standard","has-post-thumbnail","hentry","category-guncel"],"_links":{"self":[{"href":"https:\/\/www.egemtv.com\/index.php?rest_route=\/wp\/v2\/posts\/26384","targetHints":{"allow":["GET"]}}],"collection":[{"href":"https:\/\/www.egemtv.com\/index.php?rest_route=\/wp\/v2\/posts"}],"about":[{"href":"https:\/\/www.egemtv.com\/index.php?rest_route=\/wp\/v2\/types\/post"}],"author":[{"embeddable":true,"href":"https:\/\/www.egemtv.com\/index.php?rest_route=\/wp\/v2\/users\/1"}],"replies":[{"embeddable":true,"href":"https:\/\/www.egemtv.com\/index.php?rest_route=%2Fwp%2Fv2%2Fcomments&post=26384"}],"version-history":[{"count":1,"href":"https:\/\/www.egemtv.com\/index.php?rest_route=\/wp\/v2\/posts\/26384\/revisions"}],"predecessor-version":[{"id":26386,"href":"https:\/\/www.egemtv.com\/index.php?rest_route=\/wp\/v2\/posts\/26384\/revisions\/26386"}],"wp:featuredmedia":[{"embeddable":true,"href":"https:\/\/www.egemtv.com\/index.php?rest_route=\/wp\/v2\/media\/26385"}],"wp:attachment":[{"href":"https:\/\/www.egemtv.com\/index.php?rest_route=%2Fwp%2Fv2%2Fmedia&parent=26384"}],"wp:term":[{"taxonomy":"category","embeddable":true,"href":"https:\/\/www.egemtv.com\/index.php?rest_route=%2Fwp%2Fv2%2Fcategories&post=26384"},{"taxonomy":"post_tag","embeddable":true,"href":"https:\/\/www.egemtv.com\/index.php?rest_route=%2Fwp%2Fv2%2Ftags&post=26384"}],"curies":[{"name":"wp","href":"https:\/\/api.w.org\/{rel}","templated":true}]}}