{"id":26381,"date":"2025-03-25T10:24:13","date_gmt":"2025-03-25T07:24:13","guid":{"rendered":"https:\/\/www.egemtv.com\/?p=26381"},"modified":"2025-03-25T10:24:20","modified_gmt":"2025-03-25T07:24:20","slug":"ak-parti-nazilli-vefa-iftarinda-bulustu","status":"publish","type":"post","link":"https:\/\/www.egemtv.com\/?p=26381","title":{"rendered":"AK Parti Nazilli vefa iftar\u0131nda bulu\u015ftu"},"content":{"rendered":"<p>AK Parti Nazilli \u0130l\u00e7e Ba\u015fkanl\u0131\u011f\u0131 \u2018\u00d6zel Vefa \u0130ftar\u0131\u2019 d\u00fczenledi.<\/p>\n<p>Nazilli\u2019de AK Parti \u0130l\u00e7e te\u015fkilat\u0131 taraf\u0131ndan d\u00fczenlenen vefa iftar\u0131na partinin kurulu\u015fundan bu g\u00fcne g\u00f6rev alan partililer, oda ba\u015fkanlar\u0131, meclis \u00fcyeleri, STK temsilcileri, il\u00e7e y\u00f6netimi, daire m\u00fcd\u00fcrleri, muhtarlar ve partililer kat\u0131ld\u0131. Kuran tilaveti ile ba\u015flayan iftar program\u0131nda oru\u00e7lar\u0131n\u0131 a\u00e7an partililere il\u00e7e te\u015fkilat\u0131 taraf\u0131ndan kat\u0131l\u0131mlar\u0131nda dolay\u0131 te\u015fekk\u00fcr edildi.<br \/><\/p>\n","protected":false},"excerpt":{"rendered":"<p>AK Parti Nazilli \u0130l\u00e7e Ba\u015fkanl\u0131\u011f\u0131 \u2018\u00d6zel Vefa \u0130ftar\u0131\u2019 d\u00fczenledi. Nazilli\u2019de AK Parti \u0130l\u00e7e te\u015fkilat\u0131 taraf\u0131ndan d\u00fczenlenen vefa iftar\u0131na partinin kurulu\u015fundan bu g\u00fcne g\u00f6rev alan partililer, oda ba\u015fkanlar\u0131, meclis \u00fcyeleri, STK temsilcileri, il\u00e7e y\u00f6netimi, daire m\u00fcd\u00fcrleri, muhtarlar ve partililer kat\u0131ld\u0131. Kuran tilaveti ile ba\u015flayan iftar program\u0131nda oru\u00e7lar\u0131n\u0131 a\u00e7an partililere il\u00e7e te\u015fkilat\u0131 taraf\u0131ndan kat\u0131l\u0131mlar\u0131nda dolay\u0131 te\u015fekk\u00fcr edildi.<\/p>\n","protected":false},"author":1,"featured_media":26382,"comment_status":"open","ping_status":"open","sticky":false,"template":"","format":"standard","meta":{"_crdt_document":"","footnotes":""},"categories":[1],"tags":[],"class_list":["post-26381","post","type-post","status-publish","format-standard","has-post-thumbnail","hentry","category-guncel"],"_links":{"self":[{"href":"https:\/\/www.egemtv.com\/index.php?rest_route=\/wp\/v2\/posts\/26381","targetHints":{"allow":["GET"]}}],"collection":[{"href":"https:\/\/www.egemtv.com\/index.php?rest_route=\/wp\/v2\/posts"}],"about":[{"href":"https:\/\/www.egemtv.com\/index.php?rest_route=\/wp\/v2\/types\/post"}],"author":[{"embeddable":true,"href":"https:\/\/www.egemtv.com\/index.php?rest_route=\/wp\/v2\/users\/1"}],"replies":[{"embeddable":true,"href":"https:\/\/www.egemtv.com\/index.php?rest_route=%2Fwp%2Fv2%2Fcomments&post=26381"}],"version-history":[{"count":1,"href":"https:\/\/www.egemtv.com\/index.php?rest_route=\/wp\/v2\/posts\/26381\/revisions"}],"predecessor-version":[{"id":26383,"href":"https:\/\/www.egemtv.com\/index.php?rest_route=\/wp\/v2\/posts\/26381\/revisions\/26383"}],"wp:featuredmedia":[{"embeddable":true,"href":"https:\/\/www.egemtv.com\/index.php?rest_route=\/wp\/v2\/media\/26382"}],"wp:attachment":[{"href":"https:\/\/www.egemtv.com\/index.php?rest_route=%2Fwp%2Fv2%2Fmedia&parent=26381"}],"wp:term":[{"taxonomy":"category","embeddable":true,"href":"https:\/\/www.egemtv.com\/index.php?rest_route=%2Fwp%2Fv2%2Fcategories&post=26381"},{"taxonomy":"post_tag","embeddable":true,"href":"https:\/\/www.egemtv.com\/index.php?rest_route=%2Fwp%2Fv2%2Ftags&post=26381"}],"curies":[{"name":"wp","href":"https:\/\/api.w.org\/{rel}","templated":true}]}}