{"id":26378,"date":"2025-03-25T02:05:11","date_gmt":"2025-03-24T23:05:11","guid":{"rendered":"https:\/\/www.egemtv.com\/?p=26378"},"modified":"2025-03-25T02:05:15","modified_gmt":"2025-03-24T23:05:15","slug":"manisa-demircide-ev-yangini-ekipler-seferber-oldu","status":"publish","type":"post","link":"https:\/\/www.egemtv.com\/?p=26378","title":{"rendered":"Manisa Demirci\u2019de ev yang\u0131n\u0131&#8230; Ekipler seferber oldu"},"content":{"rendered":"<p>Manisa\u2019n\u0131n Demirci il\u00e7esinde meydana gelen yang\u0131nda bir ev zarar g\u00f6rd\u00fc.<br \/>\n<br \/>Manisa\u2019n\u0131n Demirci il\u00e7esine ba\u011fl\u0131 Cumhuriyet Mahallesi \u00e7evreyolu bulvar\u0131nda \u0130hsan Ery\u0131lmaz\u2019a ait 3 katl\u0131 evin \u00e7at\u0131 k\u0131sm\u0131nda hen\u00fcz belirlenemeyen bir nedenden dolay\u0131 yang\u0131n \u00e7\u0131kt\u0131. Alevlerin \u00e7at\u0131ndan y\u00fckseldi\u011fini g\u00f6ren vatanda\u015flar itfaiye ekiplerine ihbarda bulundu.<br \/>\n<br \/>3 katl\u0131 evin \u00e7at\u0131 k\u0131sm\u0131ndan ba\u015flayan yang\u0131n k\u0131sa s\u00fcrede b\u00fcy\u00fcrken olay yerine ula\u015fan Manisa B\u00fcy\u00fck\u015fehir Belediyesi Demirci \u0130tfaiye Ekipleri 3 araz\u00f6z ile alevlere m\u00fcdahale etti. Demirci Belediyesi su tankeri, Manisa B\u00fcy\u00fck\u015fehir Belediyesi su tankeri ve Demirci Orman \u0130\u015fletme M\u00fcd\u00fcrl\u00fc\u011f\u00fcne ba\u011fl\u0131 yang\u0131n s\u00f6nd\u00fcrme araz\u00f6zleri de yang\u0131na m\u00fcdahale i\u00e7in mahalleye sevk edildi.<br \/>\n<br \/>Yakla\u015f\u0131k 2 saat s\u00fcren yo\u011fun m\u00fcdahale sonucunda yang\u0131n kontrol alt\u0131na al\u0131narak s\u00f6nd\u00fcr\u00fcld\u00fc.<br \/>\n<br \/>Demirci Kaymakam\u0131 Yavuz Arslan ve Belediye Ba\u015fkan\u0131 Erkan Kara yang\u0131n\u0131n meydana geldi\u011fi mahalleye gelip s\u00f6nd\u00fcrme \u00e7al\u0131\u015fmalar\u0131n\u0131 yerinde takip ederek, itfaiye ekiplerinden de bilgi ald\u0131lar.<br \/>\n<br \/>Yang\u0131nda evi zarar g\u00f6ren Sevim Ery\u0131lmaz da fenala\u015fmas\u0131 sonucu Demirci Devlet Hastanesine kald\u0131r\u0131ld\u0131.<br \/>\n<br \/>Belediye Ba\u015fkan\u0131 Erkan Kara, Demirci Devlet Hastanesinde Sevim Ery\u0131lmaz ve ailesini ziyaret ederek ge\u00e7mi\u015f olsun temennisinde bulundu.<br \/><\/p>\n","protected":false},"excerpt":{"rendered":"<p>Manisa\u2019n\u0131n Demirci il\u00e7esinde meydana gelen yang\u0131nda bir ev zarar g\u00f6rd\u00fc. Manisa\u2019n\u0131n Demirci il\u00e7esine ba\u011fl\u0131 Cumhuriyet Mahallesi \u00e7evreyolu bulvar\u0131nda \u0130hsan Ery\u0131lmaz\u2019a ait 3 katl\u0131 evin \u00e7at\u0131 k\u0131sm\u0131nda hen\u00fcz belirlenemeyen bir nedenden dolay\u0131 yang\u0131n \u00e7\u0131kt\u0131. Alevlerin \u00e7at\u0131ndan y\u00fckseldi\u011fini g\u00f6ren vatanda\u015flar itfaiye ekiplerine ihbarda bulundu. 3 katl\u0131 evin \u00e7at\u0131 k\u0131sm\u0131ndan ba\u015flayan yang\u0131n k\u0131sa s\u00fcrede b\u00fcy\u00fcrken olay yerine ula\u015fan&#8230;<\/p>\n","protected":false},"author":1,"featured_media":26379,"comment_status":"open","ping_status":"open","sticky":false,"template":"","format":"standard","meta":{"_crdt_document":"","footnotes":""},"categories":[5],"tags":[],"class_list":["post-26378","post","type-post","status-publish","format-standard","has-post-thumbnail","hentry","category-asayis"],"_links":{"self":[{"href":"https:\/\/www.egemtv.com\/index.php?rest_route=\/wp\/v2\/posts\/26378","targetHints":{"allow":["GET"]}}],"collection":[{"href":"https:\/\/www.egemtv.com\/index.php?rest_route=\/wp\/v2\/posts"}],"about":[{"href":"https:\/\/www.egemtv.com\/index.php?rest_route=\/wp\/v2\/types\/post"}],"author":[{"embeddable":true,"href":"https:\/\/www.egemtv.com\/index.php?rest_route=\/wp\/v2\/users\/1"}],"replies":[{"embeddable":true,"href":"https:\/\/www.egemtv.com\/index.php?rest_route=%2Fwp%2Fv2%2Fcomments&post=26378"}],"version-history":[{"count":1,"href":"https:\/\/www.egemtv.com\/index.php?rest_route=\/wp\/v2\/posts\/26378\/revisions"}],"predecessor-version":[{"id":26380,"href":"https:\/\/www.egemtv.com\/index.php?rest_route=\/wp\/v2\/posts\/26378\/revisions\/26380"}],"wp:featuredmedia":[{"embeddable":true,"href":"https:\/\/www.egemtv.com\/index.php?rest_route=\/wp\/v2\/media\/26379"}],"wp:attachment":[{"href":"https:\/\/www.egemtv.com\/index.php?rest_route=%2Fwp%2Fv2%2Fmedia&parent=26378"}],"wp:term":[{"taxonomy":"category","embeddable":true,"href":"https:\/\/www.egemtv.com\/index.php?rest_route=%2Fwp%2Fv2%2Fcategories&post=26378"},{"taxonomy":"post_tag","embeddable":true,"href":"https:\/\/www.egemtv.com\/index.php?rest_route=%2Fwp%2Fv2%2Ftags&post=26378"}],"curies":[{"name":"wp","href":"https:\/\/api.w.org\/{rel}","templated":true}]}}