{"id":26375,"date":"2025-03-25T02:05:06","date_gmt":"2025-03-24T23:05:06","guid":{"rendered":"https:\/\/www.egemtv.com\/?p=26375"},"modified":"2025-03-25T02:05:10","modified_gmt":"2025-03-24T23:05:10","slug":"kutahya-kadim-vakfindan-ramazan-ayinda-buyuk-dayanisma","status":"publish","type":"post","link":"https:\/\/www.egemtv.com\/?p=26375","title":{"rendered":"K\u00fctahya Kadim Vakf\u0131\u2019ndan Ramazan ay\u0131nda b\u00fcy\u00fck dayan\u0131\u015fma"},"content":{"rendered":"<p>K\u00fctahya Kadim Vakf\u0131 Ba\u015fkan\u0131 Mustafa \u00d6nsay, Ramazan ay\u0131nda ger\u00e7ekle\u015ftirdikleri yard\u0131mlarla ilgili \u00f6nemli a\u00e7\u0131klamalarda bulundu. Vak\u0131f olarak ihtiya\u00e7 sahiplerine ula\u015fmak i\u00e7in b\u00fcy\u00fck bir \u00e7aba g\u00f6sterdiklerini belirten \u00d6nsay, iftar organizasyonlar\u0131, erzak ve nakdi yard\u0131mlarla y\u00fczlerce aileye destek olduklar\u0131n\u0131 ifade etti.<br \/>\n<br \/>\u00d6nsay, Ramazan ay\u0131n\u0131n ba\u015f\u0131ndan itibaren ba\u015flatt\u0131klar\u0131 yard\u0131m \u00e7al\u0131\u015fmalar\u0131nda 300\u2019den fazla aileye ula\u015ft\u0131klar\u0131n\u0131 belirtti. Bu kapsamda 220 aileye erzak paketi, 50 aileye al\u0131\u015fveri\u015f kart\u0131 da\u011f\u0131t\u0131ld\u0131\u011f\u0131n\u0131, baz\u0131 ailelere ise nakdi yard\u0131mlarda bulunuldu\u011funu s\u00f6yledi.<br \/>\n<br \/>Hay\u0131rseverlerin katk\u0131lar\u0131yla yap\u0131lan yard\u0131mlar\u0131n farkl\u0131 \u015fekillerde ger\u00e7ekle\u015ftirildi\u011fini vurgulayan \u00d6nsay, &#8220;Baz\u0131 ba\u011f\u0131\u015f\u00e7\u0131lar nakdi yard\u0131m yapmay\u0131 tercih ederken, baz\u0131lar\u0131 erzak ya da al\u0131\u015fveri\u015f kart\u0131 ba\u011f\u0131\u015flad\u0131. Biz de bu yard\u0131mlar\u0131 en uygun \u015fekilde ihtiya\u00e7 sahiplerine ula\u015ft\u0131rd\u0131k&#8221; dedi.<\/p>\n<p>2 bin 850 ki\u015fiye iftar<br \/>\n<br \/>Kadim Vakf\u0131, Ramazan boyunca d\u00fczenledi\u011fi iftar programlar\u0131yla da binlerce ki\u015fiyi a\u011f\u0131rlad\u0131. Mahalle mahalle belirlenen ihtiya\u00e7 sahiplerini \u00f6zel davetle iftara getirdiklerini belirten \u00d6nsay, &#8220;\u015eu ana kadar 2 bin 850 vatanda\u015f\u0131m\u0131z burada iftar yapt\u0131. Farkl\u0131 mahallelerden servislerle misafirlerimizi getirerek s\u0131cak bir iftar ortam\u0131 sa\u011flad\u0131k&#8221; ifadelerini kulland\u0131.<br \/>\n<br \/>\u00d6zel gruplara y\u00f6nelik \u00e7al\u0131\u015fmalar da yap\u0131ld\u0131\u011f\u0131n\u0131 belirten \u00d6nsay, engelli bireyler, otizmli \u00e7ocuklar ve \u00fcniversite \u00f6\u011frencileri i\u00e7in de \u00f6zel iftar programlar\u0131 d\u00fczenlediklerini dile getirdi.<br \/>\n<br \/>Ramazan boyunca yap\u0131lan yard\u0131mlar\u0131n bayramda da devam edece\u011fini belirten \u00d6nsay, 250 \u00e7ocu\u011fun bayraml\u0131k k\u0131yafetlerinin da\u011f\u0131t\u0131lmaya ba\u015fland\u0131\u011f\u0131n\u0131 s\u00f6yledi. \u0130stanbul\u2019dan g\u00f6nderilen s\u0131f\u0131r k\u0131yafetlerin ihtiya\u00e7 sahibi \u00e7ocuklara ula\u015ft\u0131r\u0131ld\u0131\u011f\u0131n\u0131 belirten \u00d6nsay, al\u0131\u015fveri\u015f kartlar\u0131 ile \u00e7ocuklar\u0131n kendi k\u0131yafetlerini se\u00e7me imk\u00e2n\u0131 da sunacaklar\u0131n\u0131 a\u00e7\u0131klad\u0131.<\/p>\n<p>Bayramda \u00e7ocuklar i\u00e7in \u00f6zel etkinlik<br \/>\n<br \/>Ramazan boyunca ihtiya\u00e7 sahiplerini destekleyen Kadim Vakf\u0131, bayramda da \u00e7ocuklar\u0131 unutmayacak. \u00d6nsay, bayram\u0131n \u00fc\u00e7\u00fcnc\u00fc g\u00fcn\u00fc saat 12.00\u2019de gelir d\u00fczeyi d\u00fc\u015f\u00fck ailelerin \u00e7ocuklar\u0131 i\u00e7in \u00f6zel bir bayramla\u015fma etkinli\u011fi d\u00fczenleyeceklerini duyurdu. Bu etkinlikte \u00e7e\u015fitli yar\u0131\u015fmalar, ikramlar ve hediyelerle \u00e7ocuklar\u0131n bayram sevincini doyas\u0131ya ya\u015fayaca\u011f\u0131n\u0131 s\u00f6yledi.<br \/>\n<br \/>Son olarak K\u00fctahya\u2019n\u0131n Ramazan ay\u0131n\u0131 en g\u00fczel \u015fekilde ya\u015fayan \u015fehirlerden biri oldu\u011funu belirten \u00d6nsay, t\u00fcm K\u00fctahyal\u0131lar\u0131n Ramazan Bayram\u0131\u2019n\u0131 kutlad\u0131.<br \/><\/p>\n","protected":false},"excerpt":{"rendered":"<p>K\u00fctahya Kadim Vakf\u0131 Ba\u015fkan\u0131 Mustafa \u00d6nsay, Ramazan ay\u0131nda ger\u00e7ekle\u015ftirdikleri yard\u0131mlarla ilgili \u00f6nemli a\u00e7\u0131klamalarda bulundu. Vak\u0131f olarak ihtiya\u00e7 sahiplerine ula\u015fmak i\u00e7in b\u00fcy\u00fck bir \u00e7aba g\u00f6sterdiklerini belirten \u00d6nsay, iftar organizasyonlar\u0131, erzak ve nakdi yard\u0131mlarla y\u00fczlerce aileye destek olduklar\u0131n\u0131 ifade etti. \u00d6nsay, Ramazan ay\u0131n\u0131n ba\u015f\u0131ndan itibaren ba\u015flatt\u0131klar\u0131 yard\u0131m \u00e7al\u0131\u015fmalar\u0131nda 300\u2019den fazla aileye ula\u015ft\u0131klar\u0131n\u0131 belirtti. Bu kapsamda 220 aileye&#8230;<\/p>\n","protected":false},"author":1,"featured_media":26376,"comment_status":"open","ping_status":"open","sticky":false,"template":"","format":"standard","meta":{"_crdt_document":"","footnotes":""},"categories":[123],"tags":[],"class_list":["post-26375","post","type-post","status-publish","format-standard","has-post-thumbnail","hentry","category-gundem"],"_links":{"self":[{"href":"https:\/\/www.egemtv.com\/index.php?rest_route=\/wp\/v2\/posts\/26375","targetHints":{"allow":["GET"]}}],"collection":[{"href":"https:\/\/www.egemtv.com\/index.php?rest_route=\/wp\/v2\/posts"}],"about":[{"href":"https:\/\/www.egemtv.com\/index.php?rest_route=\/wp\/v2\/types\/post"}],"author":[{"embeddable":true,"href":"https:\/\/www.egemtv.com\/index.php?rest_route=\/wp\/v2\/users\/1"}],"replies":[{"embeddable":true,"href":"https:\/\/www.egemtv.com\/index.php?rest_route=%2Fwp%2Fv2%2Fcomments&post=26375"}],"version-history":[{"count":1,"href":"https:\/\/www.egemtv.com\/index.php?rest_route=\/wp\/v2\/posts\/26375\/revisions"}],"predecessor-version":[{"id":26377,"href":"https:\/\/www.egemtv.com\/index.php?rest_route=\/wp\/v2\/posts\/26375\/revisions\/26377"}],"wp:featuredmedia":[{"embeddable":true,"href":"https:\/\/www.egemtv.com\/index.php?rest_route=\/wp\/v2\/media\/26376"}],"wp:attachment":[{"href":"https:\/\/www.egemtv.com\/index.php?rest_route=%2Fwp%2Fv2%2Fmedia&parent=26375"}],"wp:term":[{"taxonomy":"category","embeddable":true,"href":"https:\/\/www.egemtv.com\/index.php?rest_route=%2Fwp%2Fv2%2Fcategories&post=26375"},{"taxonomy":"post_tag","embeddable":true,"href":"https:\/\/www.egemtv.com\/index.php?rest_route=%2Fwp%2Fv2%2Ftags&post=26375"}],"curies":[{"name":"wp","href":"https:\/\/api.w.org\/{rel}","templated":true}]}}