{"id":26372,"date":"2025-03-25T01:42:42","date_gmt":"2025-03-24T22:42:42","guid":{"rendered":"https:\/\/www.egemtv.com\/?p=26372"},"modified":"2025-03-25T01:42:46","modified_gmt":"2025-03-24T22:42:46","slug":"burdurda-kamyonet-ile-otomobil-carpisti-1-yarali","status":"publish","type":"post","link":"https:\/\/www.egemtv.com\/?p=26372","title":{"rendered":"Burdur\u2019da kamyonet ile otomobil \u00e7arp\u0131\u015ft\u0131: 1 yaral\u0131"},"content":{"rendered":"<p>Burdur\u2019un Bucak il\u00e7esinde kamyonet ile otomobilin \u00e7arp\u0131\u015ft\u0131\u011f\u0131 kazada 1 ki\u015fi yaraland\u0131.<\/p>\n<p>Kaza, d\u00fcn saat 21.15 s\u0131ralar\u0131nda Bucak il\u00e7esi Okullar Caddesi ile Hoca Ahmet Yesevi Caddesi kesi\u015fiminde meydana geldi. Edinilen bilgilere g\u00f6re, Berkay \u015e. (17) idaresindeki 11 AAU 273 plakal\u0131 Isuzu marka kamyonet ile Muhammet Y. \u00c7. (22) y\u00f6netimindeki 15 AK 260 plakal\u0131 Hyundai otomobil \u00e7arp\u0131\u015ft\u0131. \u00c7arp\u0131\u015fman\u0131n etkisiyle otomobil savrularak O\u011fuzhan Ortaokulu\u2019nun istinat duvar\u0131na \u00e7arpt\u0131.<br \/>\n<br \/>Kazay\u0131 g\u00f6ren vatanda\u015flar\u0131n 112 Acil \u00c7a\u011fr\u0131 Merkezine ihbar\u0131 \u00fczerine olay yerine polis, sa\u011fl\u0131k ve itfaiye ekipleri sevk edildi. Kazada, otomobilde yolcu olarak bulunan Mehmet M. \u00dc. (21) yaraland\u0131. Yaral\u0131, sa\u011fl\u0131k ekiplerinin olay yerindeki ilk m\u00fcdahalesinin ard\u0131ndan Bucak Devlet Hastanesi\u2019ne kald\u0131r\u0131ld\u0131.<\/p>\n<p>Polis ekipleri kazayla ilgili inceleme ba\u015flat\u0131rken, kamyonet s\u00fcr\u00fcc\u00fcs\u00fc Berkay \u015e.\u2019nin ehliyetsiz oldu\u011fu \u00f6\u011frenildi.<\/p>\n","protected":false},"excerpt":{"rendered":"<p>Burdur\u2019un Bucak il\u00e7esinde kamyonet ile otomobilin \u00e7arp\u0131\u015ft\u0131\u011f\u0131 kazada 1 ki\u015fi yaraland\u0131. Kaza, d\u00fcn saat 21.15 s\u0131ralar\u0131nda Bucak il\u00e7esi Okullar Caddesi ile Hoca Ahmet Yesevi Caddesi kesi\u015fiminde meydana geldi. Edinilen bilgilere g\u00f6re, Berkay \u015e. (17) idaresindeki 11 AAU 273 plakal\u0131 Isuzu marka kamyonet ile Muhammet Y. \u00c7. (22) y\u00f6netimindeki 15 AK 260 plakal\u0131 Hyundai otomobil \u00e7arp\u0131\u015ft\u0131&#8230;.<\/p>\n","protected":false},"author":1,"featured_media":26373,"comment_status":"open","ping_status":"open","sticky":false,"template":"","format":"standard","meta":{"_crdt_document":"","footnotes":""},"categories":[5],"tags":[],"class_list":["post-26372","post","type-post","status-publish","format-standard","has-post-thumbnail","hentry","category-asayis"],"_links":{"self":[{"href":"https:\/\/www.egemtv.com\/index.php?rest_route=\/wp\/v2\/posts\/26372","targetHints":{"allow":["GET"]}}],"collection":[{"href":"https:\/\/www.egemtv.com\/index.php?rest_route=\/wp\/v2\/posts"}],"about":[{"href":"https:\/\/www.egemtv.com\/index.php?rest_route=\/wp\/v2\/types\/post"}],"author":[{"embeddable":true,"href":"https:\/\/www.egemtv.com\/index.php?rest_route=\/wp\/v2\/users\/1"}],"replies":[{"embeddable":true,"href":"https:\/\/www.egemtv.com\/index.php?rest_route=%2Fwp%2Fv2%2Fcomments&post=26372"}],"version-history":[{"count":1,"href":"https:\/\/www.egemtv.com\/index.php?rest_route=\/wp\/v2\/posts\/26372\/revisions"}],"predecessor-version":[{"id":26374,"href":"https:\/\/www.egemtv.com\/index.php?rest_route=\/wp\/v2\/posts\/26372\/revisions\/26374"}],"wp:featuredmedia":[{"embeddable":true,"href":"https:\/\/www.egemtv.com\/index.php?rest_route=\/wp\/v2\/media\/26373"}],"wp:attachment":[{"href":"https:\/\/www.egemtv.com\/index.php?rest_route=%2Fwp%2Fv2%2Fmedia&parent=26372"}],"wp:term":[{"taxonomy":"category","embeddable":true,"href":"https:\/\/www.egemtv.com\/index.php?rest_route=%2Fwp%2Fv2%2Fcategories&post=26372"},{"taxonomy":"post_tag","embeddable":true,"href":"https:\/\/www.egemtv.com\/index.php?rest_route=%2Fwp%2Fv2%2Ftags&post=26372"}],"curies":[{"name":"wp","href":"https:\/\/api.w.org\/{rel}","templated":true}]}}