{"id":26369,"date":"2025-03-25T01:22:04","date_gmt":"2025-03-24T22:22:04","guid":{"rendered":"https:\/\/www.egemtv.com\/?p=26369"},"modified":"2025-03-25T01:22:10","modified_gmt":"2025-03-24T22:22:10","slug":"manisa-fkda-erzurumspor-fk-hazirliklari-devam-etti","status":"publish","type":"post","link":"https:\/\/www.egemtv.com\/?p=26369","title":{"rendered":"Manisa FK\u2019da Erzurumspor FK haz\u0131rl\u0131klar\u0131 devam etti"},"content":{"rendered":"<p>Manisa Futbol Kul\u00fcb\u00fc, Trendyol 1. Lig\u2019in 31. hafta m\u00fccadelesinde deplasmanda kar\u015f\u0131la\u015faca\u011f\u0131 Erzurumspor FK ma\u00e7\u0131n\u0131n haz\u0131rl\u0131klar\u0131na 1 g\u00fcnl\u00fck aran\u0131n ard\u0131ndan kald\u0131\u011f\u0131 yerden devam etti.<br \/>\n<br \/>Manisa Futbol Kul\u00fcb\u00fc, Trendyol 1. Lig\u2019in 31. hafta m\u00fccadelesinde 28 Mart Cuma g\u00fcn\u00fc saat 16.00\u2019da deplasmanda Erzurumspor Futbol Kul\u00fcb\u00fc\u2019ne konuk olacak. Manisa ekibi, bu ma\u00e7\u0131n haz\u0131rl\u0131klar\u0131n\u0131 1 g\u00fcnl\u00fck aran\u0131n ard\u0131ndan s\u00fcrd\u00fcrd\u00fc. Teknik Direkt\u00f6r Taner Ta\u015fk\u0131n y\u00f6netiminde ger\u00e7ekle\u015fen antrenman \u0131s\u0131nma hareketleriyle ba\u015flad\u0131. Antrenman e\u011flenceli oyunlar\u0131n ard\u0131ndan dar alan oyunlar\u0131yla sona erdi.<br \/><\/p>\n","protected":false},"excerpt":{"rendered":"<p>Manisa Futbol Kul\u00fcb\u00fc, Trendyol 1. Lig\u2019in 31. hafta m\u00fccadelesinde deplasmanda kar\u015f\u0131la\u015faca\u011f\u0131 Erzurumspor FK ma\u00e7\u0131n\u0131n haz\u0131rl\u0131klar\u0131na 1 g\u00fcnl\u00fck aran\u0131n ard\u0131ndan kald\u0131\u011f\u0131 yerden devam etti. Manisa Futbol Kul\u00fcb\u00fc, Trendyol 1. Lig\u2019in 31. hafta m\u00fccadelesinde 28 Mart Cuma g\u00fcn\u00fc saat 16.00\u2019da deplasmanda Erzurumspor Futbol Kul\u00fcb\u00fc\u2019ne konuk olacak. Manisa ekibi, bu ma\u00e7\u0131n haz\u0131rl\u0131klar\u0131n\u0131 1 g\u00fcnl\u00fck aran\u0131n ard\u0131ndan s\u00fcrd\u00fcrd\u00fc. Teknik&#8230;<\/p>\n","protected":false},"author":1,"featured_media":26370,"comment_status":"open","ping_status":"open","sticky":false,"template":"","format":"standard","meta":{"_crdt_document":"","footnotes":""},"categories":[4],"tags":[],"class_list":["post-26369","post","type-post","status-publish","format-standard","has-post-thumbnail","hentry","category-spor"],"_links":{"self":[{"href":"https:\/\/www.egemtv.com\/index.php?rest_route=\/wp\/v2\/posts\/26369","targetHints":{"allow":["GET"]}}],"collection":[{"href":"https:\/\/www.egemtv.com\/index.php?rest_route=\/wp\/v2\/posts"}],"about":[{"href":"https:\/\/www.egemtv.com\/index.php?rest_route=\/wp\/v2\/types\/post"}],"author":[{"embeddable":true,"href":"https:\/\/www.egemtv.com\/index.php?rest_route=\/wp\/v2\/users\/1"}],"replies":[{"embeddable":true,"href":"https:\/\/www.egemtv.com\/index.php?rest_route=%2Fwp%2Fv2%2Fcomments&post=26369"}],"version-history":[{"count":1,"href":"https:\/\/www.egemtv.com\/index.php?rest_route=\/wp\/v2\/posts\/26369\/revisions"}],"predecessor-version":[{"id":26371,"href":"https:\/\/www.egemtv.com\/index.php?rest_route=\/wp\/v2\/posts\/26369\/revisions\/26371"}],"wp:featuredmedia":[{"embeddable":true,"href":"https:\/\/www.egemtv.com\/index.php?rest_route=\/wp\/v2\/media\/26370"}],"wp:attachment":[{"href":"https:\/\/www.egemtv.com\/index.php?rest_route=%2Fwp%2Fv2%2Fmedia&parent=26369"}],"wp:term":[{"taxonomy":"category","embeddable":true,"href":"https:\/\/www.egemtv.com\/index.php?rest_route=%2Fwp%2Fv2%2Fcategories&post=26369"},{"taxonomy":"post_tag","embeddable":true,"href":"https:\/\/www.egemtv.com\/index.php?rest_route=%2Fwp%2Fv2%2Ftags&post=26369"}],"curies":[{"name":"wp","href":"https:\/\/api.w.org\/{rel}","templated":true}]}}