{"id":26366,"date":"2025-03-25T00:41:36","date_gmt":"2025-03-24T21:41:36","guid":{"rendered":"https:\/\/www.egemtv.com\/?p=26366"},"modified":"2025-03-25T00:41:45","modified_gmt":"2025-03-24T21:41:45","slug":"tavsanlida-trafik-kazasi-1-yarali-5","status":"publish","type":"post","link":"https:\/\/www.egemtv.com\/?p=26366","title":{"rendered":"Tav\u015fanl\u0131\u2019da trafik kazas\u0131: 1 yaral\u0131"},"content":{"rendered":"<p>K\u00fctahya\u2019n\u0131n Tav\u015fanl\u0131 il\u00e7esinde meydana gelen trafik kazas\u0131nda 1 ki\u015fi yaraland\u0131.<br \/>\n<br \/>Edinilen bilgilere g\u00f6re K\u00fctahya\u2019dan Tav\u015fanl\u0131 istikametine seyir halinde olan B.S. y\u00f6netimindeki 43 AJ 463 plakal\u0131 otomobil Tav\u015fanl\u0131\u2019ya 5 kilometre kala s\u00fcr\u00fcc\u00fcs\u00fcn\u00fcn direksiyon hakimiyetini kaybetmesi sonucu yoldan \u00e7\u0131karak bo\u015f su menfezine u\u00e7tu. Kazada otomobil s\u00fcr\u00fcc\u00fcs\u00fc B.S. yaraland\u0131. Yaral\u0131 s\u00fcr\u00fcc\u00fc 112 acil servis ekiplerinin olay yerinde ilk m\u00fcdahalesinin ard\u0131ndan Tav\u015fanl\u0131 Do\u00e7. Dr. Mustafa Kalemli Devlet Hastanesine kald\u0131r\u0131ld\u0131.<br \/>\n<br \/>Kaza ile ilgili soru\u015fturma devam ediyor.<br \/><\/p>\n","protected":false},"excerpt":{"rendered":"<p>K\u00fctahya\u2019n\u0131n Tav\u015fanl\u0131 il\u00e7esinde meydana gelen trafik kazas\u0131nda 1 ki\u015fi yaraland\u0131. Edinilen bilgilere g\u00f6re K\u00fctahya\u2019dan Tav\u015fanl\u0131 istikametine seyir halinde olan B.S. y\u00f6netimindeki 43 AJ 463 plakal\u0131 otomobil Tav\u015fanl\u0131\u2019ya 5 kilometre kala s\u00fcr\u00fcc\u00fcs\u00fcn\u00fcn direksiyon hakimiyetini kaybetmesi sonucu yoldan \u00e7\u0131karak bo\u015f su menfezine u\u00e7tu. Kazada otomobil s\u00fcr\u00fcc\u00fcs\u00fc B.S. yaraland\u0131. Yaral\u0131 s\u00fcr\u00fcc\u00fc 112 acil servis ekiplerinin olay yerinde ilk&#8230;<\/p>\n","protected":false},"author":1,"featured_media":26367,"comment_status":"open","ping_status":"open","sticky":false,"template":"","format":"standard","meta":{"_crdt_document":"","footnotes":""},"categories":[5],"tags":[],"class_list":["post-26366","post","type-post","status-publish","format-standard","has-post-thumbnail","hentry","category-asayis"],"_links":{"self":[{"href":"https:\/\/www.egemtv.com\/index.php?rest_route=\/wp\/v2\/posts\/26366","targetHints":{"allow":["GET"]}}],"collection":[{"href":"https:\/\/www.egemtv.com\/index.php?rest_route=\/wp\/v2\/posts"}],"about":[{"href":"https:\/\/www.egemtv.com\/index.php?rest_route=\/wp\/v2\/types\/post"}],"author":[{"embeddable":true,"href":"https:\/\/www.egemtv.com\/index.php?rest_route=\/wp\/v2\/users\/1"}],"replies":[{"embeddable":true,"href":"https:\/\/www.egemtv.com\/index.php?rest_route=%2Fwp%2Fv2%2Fcomments&post=26366"}],"version-history":[{"count":1,"href":"https:\/\/www.egemtv.com\/index.php?rest_route=\/wp\/v2\/posts\/26366\/revisions"}],"predecessor-version":[{"id":26368,"href":"https:\/\/www.egemtv.com\/index.php?rest_route=\/wp\/v2\/posts\/26366\/revisions\/26368"}],"wp:featuredmedia":[{"embeddable":true,"href":"https:\/\/www.egemtv.com\/index.php?rest_route=\/wp\/v2\/media\/26367"}],"wp:attachment":[{"href":"https:\/\/www.egemtv.com\/index.php?rest_route=%2Fwp%2Fv2%2Fmedia&parent=26366"}],"wp:term":[{"taxonomy":"category","embeddable":true,"href":"https:\/\/www.egemtv.com\/index.php?rest_route=%2Fwp%2Fv2%2Fcategories&post=26366"},{"taxonomy":"post_tag","embeddable":true,"href":"https:\/\/www.egemtv.com\/index.php?rest_route=%2Fwp%2Fv2%2Ftags&post=26366"}],"curies":[{"name":"wp","href":"https:\/\/api.w.org\/{rel}","templated":true}]}}