{"id":26363,"date":"2025-03-24T22:42:13","date_gmt":"2025-03-24T19:42:13","guid":{"rendered":"https:\/\/www.egemtv.com\/?p=26363"},"modified":"2025-03-24T22:42:18","modified_gmt":"2025-03-24T19:42:18","slug":"ak-parti-genel-baskanvekili-elitas-sikayet-edenler-chpli","status":"publish","type":"post","link":"https:\/\/www.egemtv.com\/?p=26363","title":{"rendered":"AK Parti Genel Ba\u015fkanvekili Elita\u015f: &#8220;\u015eikayet edenler CHP\u2019li&#8221;"},"content":{"rendered":"<p>AK Parti Genel Ba\u015fkanvekili Mustafa Elita\u015f, &#8220;\u0130mamo\u011flu\u2019nun diplomas\u0131n\u0131 \u015fikayet eden CHP. Kurultay\u0131n para kar\u015f\u0131l\u0131\u011f\u0131 sat\u0131ld\u0131\u011f\u0131n\u0131 iddia eden Hatay B\u00fcy\u00fck\u015fehir Belediye Ba\u015fkan\u0131 L\u00fctfi Sava\u015f. Beykoz Belediye Ba\u015fkan\u0131\u2019n\u0131 \u015fikayet eden CHP\u2019li meclis \u00fcyesi. Be\u015fikta\u015f Belediye Ba\u015fkan\u0131\u2019n\u0131 \u015fikayet eden CHP\u2019li. \u0130BB Ba\u015fkan\u0131 hakk\u0131nda su\u00e7 duyurusunda bulunan kim? CHP\u2019li. \u015eimdi CHP Genel Ba\u015fkan\u0131, \u2019Erdo\u011fan 3 sene sonra yap\u0131lacak se\u00e7imlerde cumhurba\u015fkan\u0131 aday\u0131m\u0131zdan korktu\u011fu i\u00e7in operasyon yapt\u0131\u2019 diyor&#8221; dedi.<br \/>\n<br \/>AK Parti \u0130zmir \u0130l Ba\u015fkanl\u0131\u011f\u0131 taraf\u0131ndan geleneksel &#8220;Vefa \u0130ftar\u0131&#8221; ger\u00e7ekle\u015ftirildi. \u0130ftara AK Parti Genel Ba\u015fkanvekili Mustafa Elita\u015f, AK Parti Genel Sekreteri ve \u0130zmir Milletvekili Eyy\u00fcp Kadir \u0130nan, eski Gen\u00e7lik ve Spor Bakan\u0131 ve AK Parti \u0130zmir Milletvekili Mehmet Muharrem Kasapo\u011flu, eski Tar\u0131m ve Orman Bakan\u0131 Bekir Pakdemirli, AK Parti \u0130zmir \u0130l Ba\u015fkan\u0131 Bilal Sayg\u0131l\u0131, AK Parti \u0130zmir Milletvekilleri Mahmut Atilla Kaya, Ceyda B\u00f6l\u00fcnmez \u00c7ank\u0131r\u0131, \u015eebnem Bursal\u0131 ve Ya\u015far K\u0131rkp\u0131nar, MKYK \u00dcyeleri Temel Ba\u015falan, Cemal Bekle, Emre Cemil Ayval\u0131, Kad\u0131n Kollar\u0131 Genel Ba\u015fkan Yard\u0131mc\u0131s\u0131 Ger\u00e7ek Tekin, MHP \u0130l Ba\u015fkan\u0131 Veysel \u015eahin, B\u00fcy\u00fck Birlik Partisi (BBP) \u0130l Ba\u015fkan\u0131 Erdem \u00d6ks\u00fcz, eski il ba\u015fkanlar\u0131 ve te\u015fkilat mensuplar\u0131 kat\u0131ld\u0131.<\/p>\n<p>&#8220;\u0130mamo\u011flu\u2019nun diplomas\u0131n\u0131 \u015fikayet eden CHP&#8221;<br \/>\n<br \/>\u0130ftar program\u0131nda konu\u015fan AK Parti Genel Ba\u015fkanvekili Mustafa Elita\u015f, \u0130stanbul B\u00fcy\u00fck\u015fehir Belediye Ba\u015fkan\u0131 Ekrem \u0130mamo\u011flu\u2019nun tutuklanmasna ili\u015fkin, &#8220;CHP\u2019liler, yolsuzluk iddias\u0131 ile ki\u015fisel verileri ba\u015fkas\u0131na pazarlayan birisiyle ilgili a\u00e7\u0131lan davada yeri g\u00f6\u011f\u00fc inletiyorlar. Borsay\u0131 peri\u015fan ediyorlar, d\u00f6vize m\u00fcdahale etmeye \u00e7al\u0131\u015f\u0131yorlar. Verilen yarg\u0131 karar\u0131na uyan, cezas\u0131n\u0131 \u00e7eken ve bug\u00fcn cumhurba\u015fkan\u0131n\u0131n yapt\u0131\u011f\u0131 ortada, \u00f6b\u00fcr tarafta h\u0131rs\u0131zl\u0131kla, yolsuzlukla yarg\u0131lanan biriyle ilgili meydanlar\u0131n yapt\u0131klar\u0131 ortada. Bizim liderimiz \u015fiir okudu diye 4 ay aslanlar gibi yatt\u0131, bu \u00fclkeye cumhurba\u015fkan\u0131 oldu. Bizim liderimiz h\u0131rs\u0131zl\u0131ktan, yolsuzluktan yarg\u0131lansayd\u0131, evlatlar\u0131na, torunlar\u0131na ne miras b\u0131rakacaklard\u0131. Erdo\u011fan ve arkada\u015flar\u0131 olarak ba\u015f\u0131m\u0131z dik, aln\u0131m\u0131z ak geziyoruz. Bizim T\u00fcrkiye\u2019ye yapt\u0131\u011f\u0131m\u0131z hizmetler, yavrular\u0131m\u0131za b\u0131rakaca\u011f\u0131m\u0131z en b\u00fcy\u00fck hizmetlerdir. \u0130mamo\u011flu\u2019nun diplomas\u0131n\u0131 \u015fikayet eden CHP. Kurultay\u0131n para kar\u015f\u0131l\u0131\u011f\u0131 sat\u0131ld\u0131\u011f\u0131n\u0131 iddia eden Hatay B\u00fcy\u00fck\u015fehir Belediye Ba\u015fkan\u0131 L\u00fctfi Sava\u015f. Beykoz Belediye Ba\u015fkan\u0131\u2019n\u0131 \u015fikayet eden CHP\u2019li meclis \u00fcyesi. Be\u015fikta\u015f Belediye Ba\u015fkan\u0131\u2019n\u0131 \u015fikayet eden CHP\u2019li. \u0130BB Ba\u015fkan\u0131 hakk\u0131nda su\u00e7 duyurusunda bulunan kim? CHP\u2019li. \u015eimdi CHP Genel Ba\u015fkan\u0131, \u2019Erdo\u011fan 3 sene sonra yap\u0131lacak se\u00e7imlerde cumhurba\u015fkan\u0131 aday\u0131m\u0131zdan korktu\u011fu i\u00e7in operasyon yapt\u0131\u2019 diyor. B\u0131rak Allah a\u015fk\u0131na. Sen \u00f6nce bu \u00fclkede yap\u0131lan operasyonlar\u0131n hesab\u0131n\u0131 ver. \u00d6zel, e\u011fer bizi taklit ediyorsan bizim yapt\u0131klar\u0131m\u0131za bak. Biz darbeye ve darbecilere kar\u015f\u0131 dururuz. Biz de yolsuzlukla, h\u0131rs\u0131zl\u0131kla yarg\u0131lanm\u0131\u015f olsayd\u0131k hangi noktalara d\u00fc\u015ferdik? Bu yalanlarlar \u00fczerinden ger\u00e7ekleri anlatmak zorunday\u0131z. \u00d6zg\u00fcr \u00d6zel, \u00f6zg\u00fcrl\u00fc\u011f\u00fcn\u00fc ilan etmek i\u00e7in ola\u011fan\u00fcst\u00fc kurultay karar\u0131 alm\u0131\u015f. Ancak yine CHP\u2019liler bunun iptali i\u00e7in dava a\u00e7m\u0131\u015flar.  \u00d6zel, ola\u011fan\u00fcst\u00fc kurultayda \u00f6zg\u00fcrl\u00fc\u011f\u00fcn\u00fc ilan etmeye u\u011fra\u015f\u0131yor. K\u0131l\u0131\u00e7daro\u011flu da \u2019Kurultay iptal olursa ve kayyum sonras\u0131 kurultay yap\u0131l\u0131rsa Ekrem ve \u00d6zg\u00fcr\u2019den intikam al\u0131r\u0131m ve sand\u0131\u011fa g\u00f6merim\u2019 diyor&#8221; dedi.<\/p>\n<p>&#8220;Bu davan\u0131n m\u00fc\u015ftekisi CHP\u2019dir&#8221;<br \/>\n<br \/>AK Parti Genel Sekreteri Eyy\u00fcp Kadir \u0130nan ise, &#8220;CHP\u2019lileri iyi biliyorsunuz. Bu salondaki herkes, siyaset yapan herkes bu CHP\u2019lileri \u00e7ok iyi biliyor. Ben 14 May\u0131s se\u00e7imi \u00f6ncesi grup toplant\u0131lar\u0131nda a\u011flayarak, timsah g\u00f6zya\u015f\u0131 d\u00f6kerek, \u00fclkeye cumhurba\u015fkan\u0131 aday\u0131 olarak sunduklar\u0131 K\u0131l\u0131\u00e7daro\u011flu\u2019nu ilk kongrelerinde dil \u00e7\u0131kararak ve kahkaha atarak g\u00f6nderdiler. Ben bug\u00fcn Sara\u00e7hane\u2019de ayn\u0131 samimiyetsizli\u011fi g\u00f6r\u00fcyorum. \u00d6zel\u2019in K\u0131l\u0131\u00e7daro\u011flu\u2019na d\u00f6kt\u00fc\u011f\u00fc g\u00f6zya\u015flar\u0131 ne kadar sahteyse, bug\u00fcn Sara\u00e7hane\u2019da olan da bir o kadar sahte. Bug\u00fcn \u00e7\u0131k\u0131p \u2019Biz hi\u00e7 yenilmedik\u2019 diyorlar. 14 May\u0131s se\u00e7imlerinde topunuz geldi. \u0130mamo\u011flu, cumhurba\u015fkan\u0131 yard\u0131mc\u0131s\u0131 aday\u0131yd\u0131. 14 May\u0131s\u2019ta AK Parti sizi yendi, Erdo\u011fan\u2019\u0131 yeniden cumhurba\u015fkan\u0131 se\u00e7ti milletimiz. Bu davan\u0131n \u015f\u00fcphelisi de, m\u00fc\u015ftekisi de CHP\u2019dir. B\u00fcy\u00fck\u015fehir belediye ba\u015fkanlar\u0131ndan \u00fcyelerine kadar bunlar\u0131 s\u00f6yleyen CHP\u2019li, savc\u0131l\u0131\u011fa ba\u015fvuranlar da CHP\u2019li. Savc\u0131lar ne yaps\u0131n? Bu iddialar\u0131 ortaya koyan CHP\u2019liler diye g\u00f6rmezden mi gelsin, \u00fc\u00e7 maymunu mu oynas\u0131n. Bug\u00fcn \u0130stanbul\u2019daki yolsuzluklar\u0131 itiraf edenler de CHP\u2019li. Bavul bavul paralar\u0131n ta\u015f\u0131nd\u0131\u011f\u0131n\u0131 ihbar edenler de CHP\u2019li. Bug\u00fcn t\u00fcm pisliklerinizi elinizde patlatan kendi partilileriniz. G\u00fcnlerdir partimizin il ba\u015fkanl\u0131klar\u0131na y\u00fcr\u00fcyorlar. E\u011fer bu i\u015fte bir sorumlu ar\u0131yorsan\u0131z do\u011fru adres AK Parti \u0130zmir \u0130l Ba\u015fkanl\u0131\u011f\u0131 de\u011fildir, CHP \u0130zmir \u0130l Ba\u015fkanl\u0131\u011f\u0131d\u0131r. Bu konuda kimsenin partimizi, Cumhurba\u015fkan\u0131m\u0131z\u0131 t\u00f6hmet alt\u0131nda b\u0131rakmas\u0131na izin vermeyece\u011fiz. E\u011fer CHP tek adayl\u0131 sahte \u00f6n se\u00e7imde vakit kaybetmek yerine Sara\u00e7hane\u2019de kurulan sand\u0131\u011fa odaklan\u0131rsa o zaman ger\u00e7ek demokrasiye sahip \u00e7\u0131km\u0131\u015f olur. Neymi\u015f 14 milyon ki\u015fi d\u00fcnk\u00fc \u00f6n se\u00e7imde oy kullanm\u0131\u015f. Ufak at\u0131n da civcivler yesin. 14 milyon oy kullan\u0131lmas\u0131 i\u00e7in 14 milyon oy ve zarf gerekli. Millet sizin yalan s\u00f6ylemenizden b\u0131kt\u0131 ancak bu CHP\u2019liler yalandan b\u0131kmad\u0131&#8221; a\u00e7\u0131klamas\u0131nda bulundu.<\/p>\n<p>&#8220;Bu davan\u0131n \u00f6z\u00fcnde vefa var&#8221;<br \/>\n<br \/>AK Parti \u0130zmir Milletvekili Mehmet Muharrem Kasapo\u011flu ise vefa unsuruna vurgu yapt\u0131. Kasapo\u011flu, &#8220;Bir g\u00f6n\u00fcl sofras\u0131nday\u0131z, bir vefa iftar\u0131nday\u0131z. Vefa sadakat demek, her daim birlikte olmak demek, zarafet demek, tevazu demek, kendin i\u00e7in istedi\u011fini karde\u015fin i\u00e7in istemek, kendin i\u00e7in istemedi\u011fini karde\u015fin i\u00e7in asla d\u00fc\u015f\u00fcnmemek demek. Bu nedenle vefan\u0131n \u00e7ok g\u00fc\u00e7l\u00fc ve derin anlamlar\u0131 var. Baz\u0131 \u00f6zel gecelere hapsedebilece\u011fimiz kavram da de\u011fil. Vefa demek d\u00fcn, bug\u00fcn ve yar\u0131n demek. Her \u015feyden \u00f6tesi bir hayat tarz\u0131, ya\u015fam tarz\u0131 demek. Bu davan\u0131n \u00f6z\u00fcnde var vefa. Bu nedenle \u00e7eyrek asla yak\u0131nd\u0131r aziz milletimiz bu kutlu hareketi kendine \u00f6nder edindi. Bu ak\u015famki gibi bir oldu\u011fumuz, omuz omuza oldu\u011fumuz m\u00fcddet\u00e7e bu milletle birlikte bu kutsal yolu y\u00fcr\u00fcmeye devam edece\u011fiz&#8221; diye konu\u015ftu.<\/p>\n<p>&#8220;CHP\u2019yi CHP\u2019liler ihbar etti&#8221;<br \/>\n<br \/>AK Parti \u0130zmir \u0130l Ba\u015fkan\u0131 Bilal Sayg\u0131l\u0131, &#8220;AK Parti, milletin selameti i\u00e7in cefa \u00e7ekenlerin ve her \u015fartta millete vefa g\u00f6sterenlerin partisidir. Biz Cumhurba\u015fkan\u0131m\u0131z\u0131 milleti u\u011fruna \u00e7al\u0131\u015ft\u0131\u011f\u0131 uykusuz gecelerden, ge\u00e7ti\u011fi zor d\u00f6nemlerden, insan ve mazlumlar i\u00e7in d\u00f6kt\u00fc\u011f\u00fc g\u00f6zya\u015flar\u0131ndan tan\u0131yoruz. Milletin duas\u0131 Recep Tayyip Erdo\u011fan\u2019lad\u0131r. Zilletin utanc\u0131 ise Recep Tayyip Erdo\u011fan\u2019\u0131n ve Cumhur \u0130ttifak\u0131\u2019n\u0131n \u015fahs\u0131 manevisinde y\u00fckselen T\u00fcrkiye Y\u00fczy\u0131l\u0131\u2019n\u0131n ideallerine s\u0131rt d\u00f6nen nasipsizlere aittir. Bug\u00fcn o nasipsizlerden biri, Ankara\u2019da kulland\u0131\u011f\u0131 s\u00f6zde genel ba\u015fkan otura\u011f\u0131ndan kalkm\u0131\u015f ve \u0130stanbul\u2019da provokat\u00f6rl\u00fck yapmaktad\u0131r. Biz onlar\u0131 Gezi Park\u0131 kalk\u0131\u015fmas\u0131ndan tan\u0131yoruz. \u00d6nce hak, hukuk, adalet derler. Sonra t\u00fcrl\u00fc vandall\u0131klarla sokaklar\u0131 ter\u00f6re ve \u015fiddete teslim ederler. A\u011f\u0131zlar\u0131ndan demokrasi d\u00fc\u015fmez. Ellerinden de polise att\u0131klar\u0131 ta\u015f, sald\u0131rd\u0131klar\u0131 sopa eksik olmaz. Madem adalet diyorlar, samimi olsunlar. \u0130\u015fleyen yarg\u0131 s\u00fcrecine sayg\u0131 g\u00f6stersinler. Bunlar mahkeme bas\u0131p h\u00e2kime sald\u0131ran, adliye \u00f6n\u00fcnde savc\u0131lar\u0131 tehdit eden siyaset mafyalar\u0131. Gece g\u00fcnd\u00fcz Cumhurba\u015fkan\u0131m\u0131z\u0131 su\u00e7luyorlar. Topunuz bir araya gelip bir \u00f6m\u00fcr \u00e7al\u0131\u015fsan\u0131z, Recep Tayyip Erdo\u011fan\u2019\u0131n bu \u00fclke ve millet i\u00e7in yapt\u0131klar\u0131n\u0131n zekat\u0131n\u0131 \u00e7\u0131karamazs\u0131n\u0131z. O y\u00fczden haddinizi bilin, aya\u011f\u0131n\u0131z\u0131 denk al\u0131n, polisimizin yakas\u0131ndan d\u00fc\u015f\u00fcn. Sizin kavgan\u0131z kendi i\u00e7inizde. Sa\u011f\u0131 solu su\u00e7lamay\u0131 b\u0131rak\u0131n. Sizi kendi adamlar\u0131n\u0131z ihbar etti. CHP\u2019yi CHP\u2019nin yolsuzluklar\u0131ndan, r\u00fc\u015fvet\u00e7ili\u011finden, kamudaki ya\u011fmalar\u0131ndan b\u0131kan vicdan sahibi CHP\u2019liler ihbar etti. \u00c7\u00fcnk\u00fc siz, milletin yerel se\u00e7imlerde size verdi\u011fi emanetine ihanet ettiniz&#8221; ifadelerini kulland\u0131.<\/p>\n<p>&#8220;\u00d6n se\u00e7im dedikleri ne oldu\u011fu belirsiz siyaset sirkinde politika cambazl\u0131\u011f\u0131 yap\u0131yorlar&#8221;<br \/>\n<br \/>&#8220;D\u00fcn \u0130stanbul\u2019da ne ya\u015fand\u0131 ve ya\u015fan\u0131yorsa \u0130zmir\u2019de de ya\u015fand\u0131 ve ya\u015fan\u0131yor&#8221; diyen Sayg\u0131l\u0131, s\u00f6zlerini \u015f\u00f6yle s\u00fcrd\u00fcrd\u00fc:<br \/>\n<br \/>&#8220;Rantsal b\u00f6l\u00fc\u015f\u00fcm var, kentsel d\u00f6n\u00fc\u015f\u00fcm yok. K\u00f6rfez\u2019de \u00e7evre felaketi var, temizleyen belediye yok. Hizmet ve ilgisizlikten CHP\u2019nin yerel siyasetine isyan eden \u0130zmirliler var, i\u015fiten CHP siyasi akl\u0131 yok. \u0130stedikleri kadar kaynak ve imk\u00e2n var, \u00e7al\u0131\u015fmak i\u00e7in hevesleri ve niyetleri yok. R\u00fc\u015fvet, yolsuzluk, h\u0131rs\u0131zl\u0131k, ars\u0131zl\u0131k var, utanma, s\u0131k\u0131lma, mahcup olma yok. \u015eimdi de milletin akl\u0131yla alay ederek tek adayl\u0131 bir \u00f6n se\u00e7imle vazge\u00e7emedikleri bir davran\u0131\u015f\u0131 tekerr\u00fcr ediyorlar; a\u00e7\u0131k oy gizli say\u0131m. Ad\u0131na \u00f6n se\u00e7im dedikleri ne oldu\u011fu belirsiz bir siyaset sirkinde politika cambazl\u0131\u011f\u0131 yap\u0131yorlar. Alg\u0131 operasyonlar\u0131 ve PR \u00e7al\u0131\u015fmalar\u0131yla k\u00e2\u011f\u0131ttan bir kaplan olu\u015fturup suni bir lider k\u00fclt\u00fcn\u00fc bize dayatmak istiyorlar. Oysa liderlik Avrupal\u0131lara T\u00fcrkiye\u2019yi \u015fik\u00e2yet eden ucuz bir belediye ba\u015fkanl\u0131\u011f\u0131 performans\u0131 de\u011fildir. Liderlik; k\u00fcresel her platformda \u2019D\u00fcnya 5\u2019ten b\u00fcy\u00fckt\u00fcr\u2019 diyebilmektir. Liderlik; kurultay salonlar\u0131nda fiyat\u0131 bir cep telefonu eden delegelerden oy sat\u0131n alarak koltu\u011fa oturmak de\u011fildir. Liderlik; kelle koltukta 15 Temmuz gecesi \u0130stanbul\u2019a inip milletiyle darbecilere direnmektir. Bu haliyle T\u00fcrkiye\u2019nin CHP\u2019den \u00f6\u011frenece\u011fi bir tarz-\u0131 siyaset ve liderlik \u00f6rne\u011fi yoktur ve olamaz.&#8221;<br \/><\/p>\n","protected":false},"excerpt":{"rendered":"<p>AK Parti Genel Ba\u015fkanvekili Mustafa Elita\u015f, &#8220;\u0130mamo\u011flu\u2019nun diplomas\u0131n\u0131 \u015fikayet eden CHP. Kurultay\u0131n para kar\u015f\u0131l\u0131\u011f\u0131 sat\u0131ld\u0131\u011f\u0131n\u0131 iddia eden Hatay B\u00fcy\u00fck\u015fehir Belediye Ba\u015fkan\u0131 L\u00fctfi Sava\u015f. Beykoz Belediye Ba\u015fkan\u0131\u2019n\u0131 \u015fikayet eden CHP\u2019li meclis \u00fcyesi. Be\u015fikta\u015f Belediye Ba\u015fkan\u0131\u2019n\u0131 \u015fikayet eden CHP\u2019li. \u0130BB Ba\u015fkan\u0131 hakk\u0131nda su\u00e7 duyurusunda bulunan kim? CHP\u2019li. \u015eimdi CHP Genel Ba\u015fkan\u0131, \u2019Erdo\u011fan 3 sene sonra yap\u0131lacak se\u00e7imlerde&#8230;<\/p>\n","protected":false},"author":1,"featured_media":26364,"comment_status":"open","ping_status":"open","sticky":false,"template":"","format":"standard","meta":{"_crdt_document":"","footnotes":""},"categories":[127],"tags":[],"class_list":["post-26363","post","type-post","status-publish","format-standard","has-post-thumbnail","hentry","category-siyaset"],"_links":{"self":[{"href":"https:\/\/www.egemtv.com\/index.php?rest_route=\/wp\/v2\/posts\/26363","targetHints":{"allow":["GET"]}}],"collection":[{"href":"https:\/\/www.egemtv.com\/index.php?rest_route=\/wp\/v2\/posts"}],"about":[{"href":"https:\/\/www.egemtv.com\/index.php?rest_route=\/wp\/v2\/types\/post"}],"author":[{"embeddable":true,"href":"https:\/\/www.egemtv.com\/index.php?rest_route=\/wp\/v2\/users\/1"}],"replies":[{"embeddable":true,"href":"https:\/\/www.egemtv.com\/index.php?rest_route=%2Fwp%2Fv2%2Fcomments&post=26363"}],"version-history":[{"count":1,"href":"https:\/\/www.egemtv.com\/index.php?rest_route=\/wp\/v2\/posts\/26363\/revisions"}],"predecessor-version":[{"id":26365,"href":"https:\/\/www.egemtv.com\/index.php?rest_route=\/wp\/v2\/posts\/26363\/revisions\/26365"}],"wp:featuredmedia":[{"embeddable":true,"href":"https:\/\/www.egemtv.com\/index.php?rest_route=\/wp\/v2\/media\/26364"}],"wp:attachment":[{"href":"https:\/\/www.egemtv.com\/index.php?rest_route=%2Fwp%2Fv2%2Fmedia&parent=26363"}],"wp:term":[{"taxonomy":"category","embeddable":true,"href":"https:\/\/www.egemtv.com\/index.php?rest_route=%2Fwp%2Fv2%2Fcategories&post=26363"},{"taxonomy":"post_tag","embeddable":true,"href":"https:\/\/www.egemtv.com\/index.php?rest_route=%2Fwp%2Fv2%2Ftags&post=26363"}],"curies":[{"name":"wp","href":"https:\/\/api.w.org\/{rel}","templated":true}]}}