{"id":26360,"date":"2025-03-24T22:21:53","date_gmt":"2025-03-24T19:21:53","guid":{"rendered":"https:\/\/www.egemtv.com\/?p=26360"},"modified":"2025-03-24T22:22:00","modified_gmt":"2025-03-24T19:22:00","slug":"gelendost-belediye-baskani-ozmen-gozaltina-alindi","status":"publish","type":"post","link":"https:\/\/www.egemtv.com\/?p=26360","title":{"rendered":"Gelendost Belediye Ba\u015fkan\u0131 \u00d6zmen g\u00f6zalt\u0131na al\u0131nd\u0131"},"content":{"rendered":"<p>Isparta\u2019n\u0131n Gelendost il\u00e7esinde y\u00fcr\u00fct\u00fclen soru\u015fturma kapsam\u0131nda Gelendost Belediye Ba\u015fkan\u0131 Mustafa \u00d6zmen g\u00f6zalt\u0131na al\u0131nd\u0131.<br \/>\n<br \/>Isparta Valili\u011fi\u2019nden yap\u0131lan a\u00e7\u0131klamada, Yalva\u00e7 Cumhuriyet Ba\u015fsavc\u0131l\u0131\u011f\u0131\u2019n\u0131n talimatlar\u0131 do\u011frultusunda \u0130l Emniyet M\u00fcd\u00fcrl\u00fc\u011f\u00fc Ka\u00e7ak\u00e7\u0131l\u0131k ve Organize Su\u00e7larla M\u00fccadele \u015eube M\u00fcd\u00fcrl\u00fc\u011f\u00fc ekipleri taraf\u0131ndan bug\u00fcn ger\u00e7ekle\u015ftirilen operasyonda Gelendost Belediye Ba\u015fkan\u0131 Mustafa \u00d6zmen ile birlikte 5 \u015f\u00fcpheli hakk\u0131nda arama, yakalama ve g\u00f6zalt\u0131 i\u015flemlerinin uyguland\u0131\u011f\u0131 bildirildi. Soru\u015fturman\u0131n i\u00e7eri\u011fi ve \u015f\u00fcphelilere y\u00f6neltilen su\u00e7lamalar hakk\u0131nda resmi makamlardan hen\u00fcz ayr\u0131nt\u0131l\u0131 bir a\u00e7\u0131klama yap\u0131lmazken, s\u00fcrecin devam etti\u011fi \u00f6\u011frenildi.<br \/>\n<br \/>Gelendost Belediye Ba\u015fkan\u0131 Mustafa \u00d6zmen, 2024 yerel se\u00e7imlerinde \u0130Y\u0130 Parti\u2019den belediye ba\u015fkan\u0131 se\u00e7ilmi\u015f ve daha sonra partisinden istifa etmi\u015fti. \u00d6zmen, ba\u011f\u0131ms\u0131z belediye ba\u015fkan\u0131 olarak g\u00f6revine devam ediyordu.<br \/><\/p>\n","protected":false},"excerpt":{"rendered":"<p>Isparta\u2019n\u0131n Gelendost il\u00e7esinde y\u00fcr\u00fct\u00fclen soru\u015fturma kapsam\u0131nda Gelendost Belediye Ba\u015fkan\u0131 Mustafa \u00d6zmen g\u00f6zalt\u0131na al\u0131nd\u0131. Isparta Valili\u011fi\u2019nden yap\u0131lan a\u00e7\u0131klamada, Yalva\u00e7 Cumhuriyet Ba\u015fsavc\u0131l\u0131\u011f\u0131\u2019n\u0131n talimatlar\u0131 do\u011frultusunda \u0130l Emniyet M\u00fcd\u00fcrl\u00fc\u011f\u00fc Ka\u00e7ak\u00e7\u0131l\u0131k ve Organize Su\u00e7larla M\u00fccadele \u015eube M\u00fcd\u00fcrl\u00fc\u011f\u00fc ekipleri taraf\u0131ndan bug\u00fcn ger\u00e7ekle\u015ftirilen operasyonda Gelendost Belediye Ba\u015fkan\u0131 Mustafa \u00d6zmen ile birlikte 5 \u015f\u00fcpheli hakk\u0131nda arama, yakalama ve g\u00f6zalt\u0131 i\u015flemlerinin uyguland\u0131\u011f\u0131 bildirildi. Soru\u015fturman\u0131n&#8230;<\/p>\n","protected":false},"author":1,"featured_media":26361,"comment_status":"open","ping_status":"open","sticky":false,"template":"","format":"standard","meta":{"_crdt_document":"","footnotes":""},"categories":[5],"tags":[],"class_list":["post-26360","post","type-post","status-publish","format-standard","has-post-thumbnail","hentry","category-asayis"],"_links":{"self":[{"href":"https:\/\/www.egemtv.com\/index.php?rest_route=\/wp\/v2\/posts\/26360","targetHints":{"allow":["GET"]}}],"collection":[{"href":"https:\/\/www.egemtv.com\/index.php?rest_route=\/wp\/v2\/posts"}],"about":[{"href":"https:\/\/www.egemtv.com\/index.php?rest_route=\/wp\/v2\/types\/post"}],"author":[{"embeddable":true,"href":"https:\/\/www.egemtv.com\/index.php?rest_route=\/wp\/v2\/users\/1"}],"replies":[{"embeddable":true,"href":"https:\/\/www.egemtv.com\/index.php?rest_route=%2Fwp%2Fv2%2Fcomments&post=26360"}],"version-history":[{"count":1,"href":"https:\/\/www.egemtv.com\/index.php?rest_route=\/wp\/v2\/posts\/26360\/revisions"}],"predecessor-version":[{"id":26362,"href":"https:\/\/www.egemtv.com\/index.php?rest_route=\/wp\/v2\/posts\/26360\/revisions\/26362"}],"wp:featuredmedia":[{"embeddable":true,"href":"https:\/\/www.egemtv.com\/index.php?rest_route=\/wp\/v2\/media\/26361"}],"wp:attachment":[{"href":"https:\/\/www.egemtv.com\/index.php?rest_route=%2Fwp%2Fv2%2Fmedia&parent=26360"}],"wp:term":[{"taxonomy":"category","embeddable":true,"href":"https:\/\/www.egemtv.com\/index.php?rest_route=%2Fwp%2Fv2%2Fcategories&post=26360"},{"taxonomy":"post_tag","embeddable":true,"href":"https:\/\/www.egemtv.com\/index.php?rest_route=%2Fwp%2Fv2%2Ftags&post=26360"}],"curies":[{"name":"wp","href":"https:\/\/api.w.org\/{rel}","templated":true}]}}