{"id":26357,"date":"2025-03-24T20:28:47","date_gmt":"2025-03-24T17:28:47","guid":{"rendered":"https:\/\/www.egemtv.com\/?p=26357"},"modified":"2025-03-24T20:28:50","modified_gmt":"2025-03-24T17:28:50","slug":"ispartada-kazada-yola-savrulan-motosiklet-surucusu-yaralandi","status":"publish","type":"post","link":"https:\/\/www.egemtv.com\/?p=26357","title":{"rendered":"Isparta\u2019da kazada yola savrulan motosiklet s\u00fcr\u00fcc\u00fcs\u00fc yaraland\u0131"},"content":{"rendered":"<p>Isparta\u2019n\u0131n Yalva\u00e7 il\u00e7esinde hafif ticari ara\u00e7 ile motosikletin \u00e7arp\u0131\u015fmas\u0131 sonucu meydana gelen kazada yere savrulan motosiklet s\u00fcr\u00fcc\u00fcs\u00fc yaraland\u0131.<br \/>\n<br \/>Kaza, ak\u015fam saatlerinde Pazara\u015fa\u011f\u0131 Mahallesi Turgut \u00d6zal Bulvar\u0131 Lokman Ba\u015faran Kav\u015fa\u011f\u0131\u2019nda meydana geldi. Edinilen bilgiye g\u00f6re, Halil K. (43) idaresindeki 32 AED 795 plakal\u0131 hafif ticari ara\u00e7 ile Asuman M. (62) hakimiyetindeki motosiklet kav\u015fakta \u00e7arp\u0131\u015ft\u0131. Kazada \u00e7arp\u0131\u015fman\u0131n \u015fiddetiyle yere savrulan motosiklet s\u00fcr\u00fcc\u00fcs\u00fc Asuman M. yaraland\u0131. Kazay\u0131 g\u00f6renlerin 112 Acil \u00c7a\u011fr\u0131 Merkezi\u2019ne ihbar\u0131 \u00fczerine b\u00f6lgeye polis ve sa\u011fl\u0131k ekipleri sevk edildi. Olay yerine gelen sa\u011fl\u0131k ekiplerinin ilk m\u00fcdahalesinin ard\u0131ndan yaral\u0131 ambulansla Yalva\u00e7 Devlet Hastanesi\u2019ne kald\u0131r\u0131ld\u0131. Asuman M.\u2019nin sa\u011fl\u0131k durumunun iyi oldu\u011fu \u00f6\u011frenilirken, kaza ile ilgili inceleme ba\u015flat\u0131ld\u0131.<br \/><\/p>\n","protected":false},"excerpt":{"rendered":"<p>Isparta\u2019n\u0131n Yalva\u00e7 il\u00e7esinde hafif ticari ara\u00e7 ile motosikletin \u00e7arp\u0131\u015fmas\u0131 sonucu meydana gelen kazada yere savrulan motosiklet s\u00fcr\u00fcc\u00fcs\u00fc yaraland\u0131. Kaza, ak\u015fam saatlerinde Pazara\u015fa\u011f\u0131 Mahallesi Turgut \u00d6zal Bulvar\u0131 Lokman Ba\u015faran Kav\u015fa\u011f\u0131\u2019nda meydana geldi. Edinilen bilgiye g\u00f6re, Halil K. (43) idaresindeki 32 AED 795 plakal\u0131 hafif ticari ara\u00e7 ile Asuman M. (62) hakimiyetindeki motosiklet kav\u015fakta \u00e7arp\u0131\u015ft\u0131. Kazada \u00e7arp\u0131\u015fman\u0131n&#8230;<\/p>\n","protected":false},"author":1,"featured_media":26358,"comment_status":"open","ping_status":"open","sticky":false,"template":"","format":"standard","meta":{"_crdt_document":"","footnotes":""},"categories":[5],"tags":[],"class_list":["post-26357","post","type-post","status-publish","format-standard","has-post-thumbnail","hentry","category-asayis"],"_links":{"self":[{"href":"https:\/\/www.egemtv.com\/index.php?rest_route=\/wp\/v2\/posts\/26357","targetHints":{"allow":["GET"]}}],"collection":[{"href":"https:\/\/www.egemtv.com\/index.php?rest_route=\/wp\/v2\/posts"}],"about":[{"href":"https:\/\/www.egemtv.com\/index.php?rest_route=\/wp\/v2\/types\/post"}],"author":[{"embeddable":true,"href":"https:\/\/www.egemtv.com\/index.php?rest_route=\/wp\/v2\/users\/1"}],"replies":[{"embeddable":true,"href":"https:\/\/www.egemtv.com\/index.php?rest_route=%2Fwp%2Fv2%2Fcomments&post=26357"}],"version-history":[{"count":1,"href":"https:\/\/www.egemtv.com\/index.php?rest_route=\/wp\/v2\/posts\/26357\/revisions"}],"predecessor-version":[{"id":26359,"href":"https:\/\/www.egemtv.com\/index.php?rest_route=\/wp\/v2\/posts\/26357\/revisions\/26359"}],"wp:featuredmedia":[{"embeddable":true,"href":"https:\/\/www.egemtv.com\/index.php?rest_route=\/wp\/v2\/media\/26358"}],"wp:attachment":[{"href":"https:\/\/www.egemtv.com\/index.php?rest_route=%2Fwp%2Fv2%2Fmedia&parent=26357"}],"wp:term":[{"taxonomy":"category","embeddable":true,"href":"https:\/\/www.egemtv.com\/index.php?rest_route=%2Fwp%2Fv2%2Fcategories&post=26357"},{"taxonomy":"post_tag","embeddable":true,"href":"https:\/\/www.egemtv.com\/index.php?rest_route=%2Fwp%2Fv2%2Ftags&post=26357"}],"curies":[{"name":"wp","href":"https:\/\/api.w.org\/{rel}","templated":true}]}}