{"id":26354,"date":"2025-03-24T20:28:44","date_gmt":"2025-03-24T17:28:44","guid":{"rendered":"https:\/\/www.egemtv.com\/?p=26354"},"modified":"2025-03-24T20:28:47","modified_gmt":"2025-03-24T17:28:47","slug":"ispartada-2-katli-ev-yanginda-kule-dondu","status":"publish","type":"post","link":"https:\/\/www.egemtv.com\/?p=26354","title":{"rendered":"Isparta\u2019da 2 katl\u0131 ev yang\u0131nda k\u00fcle d\u00f6nd\u00fc"},"content":{"rendered":"<p>Isparta\u2019n\u0131n S\u00fct\u00e7\u00fcler il\u00e7esinde 2 katl\u0131 m\u00fcstakil ev, \u00e7\u0131kan yang\u0131nda kullan\u0131lamaz hale geldi.<br \/>\n<br \/>Yang\u0131n, ak\u015fam saatlerinde S\u00fct\u00e7\u00fcler il\u00e7esine ba\u011fl\u0131 \u00c7and\u0131r k\u00f6y\u00fcnde 2 katl\u0131 m\u00fcstakil bir evde meydana geldi. Edinilen bilgilere g\u00f6re, Mehmet Metin\u2019e ait evde hen\u00fcz belirlenemeyen bir nedenle yang\u0131n \u00e7\u0131kt\u0131. Alevleri g\u00f6ren \u00e7evredeki vatanda\u015flar, durumu 112 Acil \u00c7a\u011fr\u0131 Merkezi\u2019ne bildirdi. \u0130hbar \u00fczerine b\u00f6lgeye \u00e7ok say\u0131da itfaiye ve polis ekibi sevk edildi. K\u0131sa s\u00fcrede olay yerine gelen itfaiye ekipleri, uzun u\u011fra\u015flar sonucu yang\u0131n\u0131 kontrol alt\u0131na ald\u0131. Yang\u0131nda yaralanan ya da dumandan etkilenen olmazken, ev kullan\u0131lamaz hale geldi.<br \/>\n<br \/>Yang\u0131n\u0131n \u00e7\u0131k\u0131\u015f nedenini belirlemek i\u00e7in inceleme ba\u015flat\u0131ld\u0131.<br \/><\/p>\n","protected":false},"excerpt":{"rendered":"<p>Isparta\u2019n\u0131n S\u00fct\u00e7\u00fcler il\u00e7esinde 2 katl\u0131 m\u00fcstakil ev, \u00e7\u0131kan yang\u0131nda kullan\u0131lamaz hale geldi. Yang\u0131n, ak\u015fam saatlerinde S\u00fct\u00e7\u00fcler il\u00e7esine ba\u011fl\u0131 \u00c7and\u0131r k\u00f6y\u00fcnde 2 katl\u0131 m\u00fcstakil bir evde meydana geldi. Edinilen bilgilere g\u00f6re, Mehmet Metin\u2019e ait evde hen\u00fcz belirlenemeyen bir nedenle yang\u0131n \u00e7\u0131kt\u0131. Alevleri g\u00f6ren \u00e7evredeki vatanda\u015flar, durumu 112 Acil \u00c7a\u011fr\u0131 Merkezi\u2019ne bildirdi. \u0130hbar \u00fczerine b\u00f6lgeye \u00e7ok say\u0131da&#8230;<\/p>\n","protected":false},"author":1,"featured_media":26355,"comment_status":"open","ping_status":"open","sticky":false,"template":"","format":"standard","meta":{"_crdt_document":"","footnotes":""},"categories":[5],"tags":[],"class_list":["post-26354","post","type-post","status-publish","format-standard","has-post-thumbnail","hentry","category-asayis"],"_links":{"self":[{"href":"https:\/\/www.egemtv.com\/index.php?rest_route=\/wp\/v2\/posts\/26354","targetHints":{"allow":["GET"]}}],"collection":[{"href":"https:\/\/www.egemtv.com\/index.php?rest_route=\/wp\/v2\/posts"}],"about":[{"href":"https:\/\/www.egemtv.com\/index.php?rest_route=\/wp\/v2\/types\/post"}],"author":[{"embeddable":true,"href":"https:\/\/www.egemtv.com\/index.php?rest_route=\/wp\/v2\/users\/1"}],"replies":[{"embeddable":true,"href":"https:\/\/www.egemtv.com\/index.php?rest_route=%2Fwp%2Fv2%2Fcomments&post=26354"}],"version-history":[{"count":1,"href":"https:\/\/www.egemtv.com\/index.php?rest_route=\/wp\/v2\/posts\/26354\/revisions"}],"predecessor-version":[{"id":26356,"href":"https:\/\/www.egemtv.com\/index.php?rest_route=\/wp\/v2\/posts\/26354\/revisions\/26356"}],"wp:featuredmedia":[{"embeddable":true,"href":"https:\/\/www.egemtv.com\/index.php?rest_route=\/wp\/v2\/media\/26355"}],"wp:attachment":[{"href":"https:\/\/www.egemtv.com\/index.php?rest_route=%2Fwp%2Fv2%2Fmedia&parent=26354"}],"wp:term":[{"taxonomy":"category","embeddable":true,"href":"https:\/\/www.egemtv.com\/index.php?rest_route=%2Fwp%2Fv2%2Fcategories&post=26354"},{"taxonomy":"post_tag","embeddable":true,"href":"https:\/\/www.egemtv.com\/index.php?rest_route=%2Fwp%2Fv2%2Ftags&post=26354"}],"curies":[{"name":"wp","href":"https:\/\/api.w.org\/{rel}","templated":true}]}}