{"id":26351,"date":"2025-03-24T20:28:42","date_gmt":"2025-03-24T17:28:42","guid":{"rendered":"https:\/\/www.egemtv.com\/?p=26351"},"modified":"2025-03-24T20:28:43","modified_gmt":"2025-03-24T17:28:43","slug":"bodrumdaki-kaza-guvenlik-kamerasina-yansidi","status":"publish","type":"post","link":"https:\/\/www.egemtv.com\/?p=26351","title":{"rendered":"Bodrum\u2019daki kaza g\u00fcvenlik kameras\u0131na yans\u0131d\u0131"},"content":{"rendered":"<p>Mu\u011fla\u2019n\u0131n Bodrum il\u00e7esinde motosikletin otomobile \u00e7arpt\u0131\u011f\u0131 trafik kazas\u0131, g\u00fcvenlik kameras\u0131na yans\u0131d\u0131.<\/p>\n<p>Edinilen bilgiye g\u00f6re, Mumcular Mahallesi\u2019nde seyreden otomobil, sola d\u00f6n\u00fc\u015f yapmaya \u00e7al\u0131\u015ft\u0131. O s\u0131rada otomobilin solundan ge\u00e7meye \u00e7al\u0131\u015fan motosikletli, otomobile \u00e7arpt\u0131. \u00c7arpman\u0131n etkisiyle motosiklet yolun kar\u015f\u0131 \u015feridine savrulurken, s\u00fcr\u00fcc\u00fc ref\u00fcjdeki tabelalara \u00e7arparak durabildi. Motosikletli, kazay\u0131 hafif yaral\u0131 olarak atlatt\u0131.Kaza an\u0131 b\u00f6lgedeki g\u00fcvenlik kameras\u0131na yans\u0131d\u0131.<br \/><\/p>\n","protected":false},"excerpt":{"rendered":"<p>Mu\u011fla\u2019n\u0131n Bodrum il\u00e7esinde motosikletin otomobile \u00e7arpt\u0131\u011f\u0131 trafik kazas\u0131, g\u00fcvenlik kameras\u0131na yans\u0131d\u0131. Edinilen bilgiye g\u00f6re, Mumcular Mahallesi\u2019nde seyreden otomobil, sola d\u00f6n\u00fc\u015f yapmaya \u00e7al\u0131\u015ft\u0131. O s\u0131rada otomobilin solundan ge\u00e7meye \u00e7al\u0131\u015fan motosikletli, otomobile \u00e7arpt\u0131. \u00c7arpman\u0131n etkisiyle motosiklet yolun kar\u015f\u0131 \u015feridine savrulurken, s\u00fcr\u00fcc\u00fc ref\u00fcjdeki tabelalara \u00e7arparak durabildi. Motosikletli, kazay\u0131 hafif yaral\u0131 olarak atlatt\u0131.Kaza an\u0131 b\u00f6lgedeki g\u00fcvenlik kameras\u0131na yans\u0131d\u0131.<\/p>\n","protected":false},"author":1,"featured_media":26352,"comment_status":"open","ping_status":"open","sticky":false,"template":"","format":"standard","meta":{"_crdt_document":"","footnotes":""},"categories":[5],"tags":[],"class_list":["post-26351","post","type-post","status-publish","format-standard","has-post-thumbnail","hentry","category-asayis"],"_links":{"self":[{"href":"https:\/\/www.egemtv.com\/index.php?rest_route=\/wp\/v2\/posts\/26351","targetHints":{"allow":["GET"]}}],"collection":[{"href":"https:\/\/www.egemtv.com\/index.php?rest_route=\/wp\/v2\/posts"}],"about":[{"href":"https:\/\/www.egemtv.com\/index.php?rest_route=\/wp\/v2\/types\/post"}],"author":[{"embeddable":true,"href":"https:\/\/www.egemtv.com\/index.php?rest_route=\/wp\/v2\/users\/1"}],"replies":[{"embeddable":true,"href":"https:\/\/www.egemtv.com\/index.php?rest_route=%2Fwp%2Fv2%2Fcomments&post=26351"}],"version-history":[{"count":1,"href":"https:\/\/www.egemtv.com\/index.php?rest_route=\/wp\/v2\/posts\/26351\/revisions"}],"predecessor-version":[{"id":26353,"href":"https:\/\/www.egemtv.com\/index.php?rest_route=\/wp\/v2\/posts\/26351\/revisions\/26353"}],"wp:featuredmedia":[{"embeddable":true,"href":"https:\/\/www.egemtv.com\/index.php?rest_route=\/wp\/v2\/media\/26352"}],"wp:attachment":[{"href":"https:\/\/www.egemtv.com\/index.php?rest_route=%2Fwp%2Fv2%2Fmedia&parent=26351"}],"wp:term":[{"taxonomy":"category","embeddable":true,"href":"https:\/\/www.egemtv.com\/index.php?rest_route=%2Fwp%2Fv2%2Fcategories&post=26351"},{"taxonomy":"post_tag","embeddable":true,"href":"https:\/\/www.egemtv.com\/index.php?rest_route=%2Fwp%2Fv2%2Ftags&post=26351"}],"curies":[{"name":"wp","href":"https:\/\/api.w.org\/{rel}","templated":true}]}}