{"id":26348,"date":"2025-03-24T19:13:25","date_gmt":"2025-03-24T16:13:25","guid":{"rendered":"https:\/\/www.egemtv.com\/?p=26348"},"modified":"2025-03-24T19:13:28","modified_gmt":"2025-03-24T16:13:28","slug":"baskandan-sonra-meclis-uyeleri-de-ak-partide","status":"publish","type":"post","link":"https:\/\/www.egemtv.com\/?p=26348","title":{"rendered":"Ba\u015fkandan sonra meclis \u00fcyeleri de AK Parti\u2019de"},"content":{"rendered":"<p>Cumhurba\u015fkan\u0131 Recep Tayyip Erdo\u011fan\u2019\u0131n TBMM\u2019deki AK Parti Grup Toplant\u0131s\u0131\u2019nda K\u00fctahya Yenikent Belediye Ba\u015fkan\u0131 Cumali \u00d6zt\u00fcrk\u2019e AK Parti rozeti takmas\u0131n\u0131n ard\u0131ndan belediyenin meclis \u00fcyeleri de AK Parti\u2019ye ge\u00e7ti.<br \/>\n<br \/>Yo\u011fun bir kat\u0131l\u0131m\u0131n oldu\u011fu AK Parti K\u00fctahya \u0130l Dan\u0131\u015fma Meclisi Toplant\u0131s\u0131\u2019nda d\u00fczenlenen t\u00f6renle Yenikent Belediye Meclis \u00dcyeleri Muzaffer Akda\u011f, Ercan Y\u00fcksel, S\u00fcleyman Kahraman ve \u00d6zkan \u00d6zden, AK Parti saflar\u0131na kat\u0131ld\u0131. Daha \u00f6nce \u0130Y\u0130 Parti\u2019den istifa ederek ba\u011f\u0131ms\u0131z meclis \u00fcyesi olarak g\u00f6revlerini s\u00fcrd\u00fcren \u00fcyeler, kararlar\u0131n\u0131n Yenikent i\u00e7in yeni bir d\u00f6nemin ba\u015flang\u0131c\u0131 olaca\u011f\u0131n\u0131 belirttiler. Meclis \u00fcyeleri yapt\u0131klar\u0131 a\u00e7\u0131klamada, &#8220;AK Parti\u2019ye kat\u0131l\u0131m\u0131m\u0131zla birlikte beldemiz i\u00e7in yeni bir d\u00f6nem ba\u015fl\u0131yor. AK Parti te\u015fkilatlar\u0131n\u0131n kurumsal deste\u011fi ve azmimizle Yenikent\u2019e en iyi \u015fekilde hizmet etmek i\u00e7in \u00e7al\u0131\u015faca\u011f\u0131z. Allah yard\u0131mc\u0131m\u0131z olsun&#8221; ifadelerini kulland\u0131lar.<br \/>\n<br \/>Kat\u0131l\u0131m s\u00fcrecinde eme\u011fi ge\u00e7enlere te\u015fekk\u00fcr eden meclis \u00fcyeleri, AK Parti \u0130l Ba\u015fkan\u0131 Ceyda \u00c7etin Erenler, K\u00fctahya Milletvekilleri Adil Bi\u00e7er, \u0130smail \u00c7a\u011flar Bay\u0131rc\u0131, Mehmet Demir, Gediz \u0130l\u00e7e Ba\u015fkan\u0131 Osman Y\u0131lmaz ve Yenikent Belde Te\u015fkilat Ba\u015fkan\u0131 Ali Ba\u015f\u2019a desteklerinden dolay\u0131 minnettarl\u0131klar\u0131n\u0131 dile getirdiler.<br \/>\n<br \/>Meclis \u00fcyeleri Muzaffer Akda\u011f, Ercan Y\u00fcksel, S\u00fcleyman Kahraman ve \u00d6zkan \u00d6zden\u2019in rozetleri AK Parti Genel Merkez Te\u015fkilat Ba\u015fkan Yanr\u0131mc\u0131s\u0131 Ahmet \u00d6zdemir, AK Parti K\u00fctahya Milletvekilleri Adil Bi\u00e7er, \u0130mail \u00c7a\u011flar Bay\u0131rc\u0131 ve Mehmet Demir ile AK Parti K\u00fctahya \u0130l Ba\u015fkan\u0131 Ceyda \u00c7etin Erenler taraf\u0131ndan tak\u0131ld\u0131.<br \/><\/p>\n","protected":false},"excerpt":{"rendered":"<p>Cumhurba\u015fkan\u0131 Recep Tayyip Erdo\u011fan\u2019\u0131n TBMM\u2019deki AK Parti Grup Toplant\u0131s\u0131\u2019nda K\u00fctahya Yenikent Belediye Ba\u015fkan\u0131 Cumali \u00d6zt\u00fcrk\u2019e AK Parti rozeti takmas\u0131n\u0131n ard\u0131ndan belediyenin meclis \u00fcyeleri de AK Parti\u2019ye ge\u00e7ti. Yo\u011fun bir kat\u0131l\u0131m\u0131n oldu\u011fu AK Parti K\u00fctahya \u0130l Dan\u0131\u015fma Meclisi Toplant\u0131s\u0131\u2019nda d\u00fczenlenen t\u00f6renle Yenikent Belediye Meclis \u00dcyeleri Muzaffer Akda\u011f, Ercan Y\u00fcksel, S\u00fcleyman Kahraman ve \u00d6zkan \u00d6zden, AK Parti&#8230;<\/p>\n","protected":false},"author":1,"featured_media":26349,"comment_status":"open","ping_status":"open","sticky":false,"template":"","format":"standard","meta":{"_crdt_document":"","footnotes":""},"categories":[127],"tags":[],"class_list":["post-26348","post","type-post","status-publish","format-standard","has-post-thumbnail","hentry","category-siyaset"],"_links":{"self":[{"href":"https:\/\/www.egemtv.com\/index.php?rest_route=\/wp\/v2\/posts\/26348","targetHints":{"allow":["GET"]}}],"collection":[{"href":"https:\/\/www.egemtv.com\/index.php?rest_route=\/wp\/v2\/posts"}],"about":[{"href":"https:\/\/www.egemtv.com\/index.php?rest_route=\/wp\/v2\/types\/post"}],"author":[{"embeddable":true,"href":"https:\/\/www.egemtv.com\/index.php?rest_route=\/wp\/v2\/users\/1"}],"replies":[{"embeddable":true,"href":"https:\/\/www.egemtv.com\/index.php?rest_route=%2Fwp%2Fv2%2Fcomments&post=26348"}],"version-history":[{"count":1,"href":"https:\/\/www.egemtv.com\/index.php?rest_route=\/wp\/v2\/posts\/26348\/revisions"}],"predecessor-version":[{"id":26350,"href":"https:\/\/www.egemtv.com\/index.php?rest_route=\/wp\/v2\/posts\/26348\/revisions\/26350"}],"wp:featuredmedia":[{"embeddable":true,"href":"https:\/\/www.egemtv.com\/index.php?rest_route=\/wp\/v2\/media\/26349"}],"wp:attachment":[{"href":"https:\/\/www.egemtv.com\/index.php?rest_route=%2Fwp%2Fv2%2Fmedia&parent=26348"}],"wp:term":[{"taxonomy":"category","embeddable":true,"href":"https:\/\/www.egemtv.com\/index.php?rest_route=%2Fwp%2Fv2%2Fcategories&post=26348"},{"taxonomy":"post_tag","embeddable":true,"href":"https:\/\/www.egemtv.com\/index.php?rest_route=%2Fwp%2Fv2%2Ftags&post=26348"}],"curies":[{"name":"wp","href":"https:\/\/api.w.org\/{rel}","templated":true}]}}