{"id":26294,"date":"2025-03-24T15:27:58","date_gmt":"2025-03-24T12:27:58","guid":{"rendered":"https:\/\/www.egemtv.com\/?p=26294"},"modified":"2025-03-24T15:28:05","modified_gmt":"2025-03-24T12:28:05","slug":"aydinda-duzenlenen-okullar-arasi-turkiye-voleybol-sampiyonasi-sona-erdi","status":"publish","type":"post","link":"https:\/\/www.egemtv.com\/?p=26294","title":{"rendered":"Ayd\u0131n\u2019da d\u00fczenlenen Okullar Aras\u0131 T\u00fcrkiye Voleybol \u015eampiyonas\u0131 sona erdi"},"content":{"rendered":"<p>Ayd\u0131n\u2019\u0131n ev sahipli\u011finde ger\u00e7ekle\u015ftirilen T\u00fcrkiye Voleybol \u015eampiyonas\u0131 renkli g\u00f6r\u00fcnt\u00fclere sahne olurken, gen\u00e7 sporcular \u015fampiyonluk i\u00e7in ter d\u00f6kt\u00fc.<\/p>\n<p>Gen\u00e7lik ve Spor Bakanl\u0131\u011f\u0131 taraf\u0131ndan d\u00fczenlenen Okullar Aras\u0131 Y\u0131ld\u0131z K\u0131z-Erkek Voleybol T\u00fcrkiye \u015eampiyonas\u0131, Ayd\u0131n\u2019da b\u00fcy\u00fck bir heyecanla tamamland\u0131. \u0130l, grup ve yar\u0131 final a\u015famalar\u0131n\u0131 ba\u015far\u0131yla ge\u00e7en tak\u0131mlar, T\u00fcrkiye \u015fampiyonu olabilmek i\u00e7in sahaya \u00e7\u0131kt\u0131. T\u00fcrkiye\u2019nin d\u00f6rt bir yan\u0131ndan 11 farkl\u0131 ilden 224 sporcu, Ayd\u0131n Atat\u00fcrk Spor Salonu\u2019nda k\u0131yas\u0131ya m\u00fccadele etti. Van, Mardin, Antalya, Mersin, Trabzon, \u0130stanbul, Tekirda\u011f, Rize, Hatay, Bart\u0131n ve Bursa\u2019dan gelen 8 k\u0131z ve 8 erkek tak\u0131m, turnuvan\u0131n zirvesine ula\u015fmak i\u00e7in ter d\u00f6kt\u00fc. K\u0131yas\u0131ya rekabetin yan\u0131 s\u0131ra renkli g\u00f6r\u00fcnt\u00fclere de sahne olan \u015fampiyonada m\u00fccadele ederek ba\u015far\u0131l\u0131 olan tak\u0131mlar T\u00fcrkiye \u015eampiyonu oldu.<\/p>\n<p>Be\u015f g\u00fcn s\u00fcren kar\u015f\u0131la\u015fmalar\u0131n ard\u0131ndan \u015fampiyon tak\u0131mlara \u00f6d\u00fclleri, Ayd\u0131n Atat\u00fcrk Spor Salonu\u2019nda d\u00fczenlenen t\u00f6renle takdim edildi. Gen\u00e7lik ve Spor \u0130l M\u00fcd\u00fcr\u00fc, sporcular\u0131 tebrik ederek ba\u015far\u0131lar\u0131n\u0131n devam\u0131n\u0131 diledi. \u015eampiyona ile ilgili Ayd\u0131n Gen\u00e7lik ve Spor \u0130l M\u00fcd\u00fcrl\u00fc\u011f\u00fc\u2019nden yap\u0131lan a\u00e7\u0131klamada &#8220;Yurdumuzun d\u00f6rt bir yan\u0131ndan gelen ve b\u00fcy\u00fck m\u00fccadeleler vererek T\u00fcrkiye Finali\u2019ne y\u00fckselen t\u00fcm sporcular\u0131m\u0131z\u0131 tebrik ediyoruz. Be\u015f g\u00fcn boyunca fair-play ruhuyla sahaya \u00e7\u0131kan ve T\u00fcrkiye \u015eampiyonu olan tak\u0131mlar\u0131m\u0131z\u0131 kutluyor, ba\u015far\u0131lar\u0131n\u0131n devam\u0131n\u0131 diliyoruz&#8221; ifadeleri yer ald\u0131.<br \/><\/p>\n","protected":false},"excerpt":{"rendered":"<p>Ayd\u0131n\u2019\u0131n ev sahipli\u011finde ger\u00e7ekle\u015ftirilen T\u00fcrkiye Voleybol \u015eampiyonas\u0131 renkli g\u00f6r\u00fcnt\u00fclere sahne olurken, gen\u00e7 sporcular \u015fampiyonluk i\u00e7in ter d\u00f6kt\u00fc. Gen\u00e7lik ve Spor Bakanl\u0131\u011f\u0131 taraf\u0131ndan d\u00fczenlenen Okullar Aras\u0131 Y\u0131ld\u0131z K\u0131z-Erkek Voleybol T\u00fcrkiye \u015eampiyonas\u0131, Ayd\u0131n\u2019da b\u00fcy\u00fck bir heyecanla tamamland\u0131. \u0130l, grup ve yar\u0131 final a\u015famalar\u0131n\u0131 ba\u015far\u0131yla ge\u00e7en tak\u0131mlar, T\u00fcrkiye \u015fampiyonu olabilmek i\u00e7in sahaya \u00e7\u0131kt\u0131. T\u00fcrkiye\u2019nin d\u00f6rt bir yan\u0131ndan 11&#8230;<\/p>\n","protected":false},"author":1,"featured_media":26295,"comment_status":"open","ping_status":"open","sticky":false,"template":"","format":"standard","meta":{"_crdt_document":"","footnotes":""},"categories":[4],"tags":[],"class_list":["post-26294","post","type-post","status-publish","format-standard","has-post-thumbnail","hentry","category-spor"],"_links":{"self":[{"href":"https:\/\/www.egemtv.com\/index.php?rest_route=\/wp\/v2\/posts\/26294","targetHints":{"allow":["GET"]}}],"collection":[{"href":"https:\/\/www.egemtv.com\/index.php?rest_route=\/wp\/v2\/posts"}],"about":[{"href":"https:\/\/www.egemtv.com\/index.php?rest_route=\/wp\/v2\/types\/post"}],"author":[{"embeddable":true,"href":"https:\/\/www.egemtv.com\/index.php?rest_route=\/wp\/v2\/users\/1"}],"replies":[{"embeddable":true,"href":"https:\/\/www.egemtv.com\/index.php?rest_route=%2Fwp%2Fv2%2Fcomments&post=26294"}],"version-history":[{"count":1,"href":"https:\/\/www.egemtv.com\/index.php?rest_route=\/wp\/v2\/posts\/26294\/revisions"}],"predecessor-version":[{"id":26296,"href":"https:\/\/www.egemtv.com\/index.php?rest_route=\/wp\/v2\/posts\/26294\/revisions\/26296"}],"wp:featuredmedia":[{"embeddable":true,"href":"https:\/\/www.egemtv.com\/index.php?rest_route=\/wp\/v2\/media\/26295"}],"wp:attachment":[{"href":"https:\/\/www.egemtv.com\/index.php?rest_route=%2Fwp%2Fv2%2Fmedia&parent=26294"}],"wp:term":[{"taxonomy":"category","embeddable":true,"href":"https:\/\/www.egemtv.com\/index.php?rest_route=%2Fwp%2Fv2%2Fcategories&post=26294"},{"taxonomy":"post_tag","embeddable":true,"href":"https:\/\/www.egemtv.com\/index.php?rest_route=%2Fwp%2Fv2%2Ftags&post=26294"}],"curies":[{"name":"wp","href":"https:\/\/api.w.org\/{rel}","templated":true}]}}