{"id":26288,"date":"2025-03-24T15:27:29","date_gmt":"2025-03-24T12:27:29","guid":{"rendered":"https:\/\/www.egemtv.com\/?p=26288"},"modified":"2025-03-24T15:27:45","modified_gmt":"2025-03-24T12:27:45","slug":"manisada-500-sentetik-ecza-ele-gecirildi","status":"publish","type":"post","link":"https:\/\/www.egemtv.com\/?p=26288","title":{"rendered":"Manisa\u2019da 500 sentetik ecza ele ge\u00e7irildi"},"content":{"rendered":"<p>Manisa\u2019n\u0131n Salihli il\u00e7esinde polis taraf\u0131ndan d\u00fczenlenen uyu\u015fturucu operasyonunda 500 adet sentetik ecza ele ge\u00e7irildi. Olayla ilgili 1 ki\u015fi tutukland\u0131.<br \/>\n<br \/>Uyu\u015fturucu madde ticareti yapan \u015fah\u0131slara y\u00f6nelik \u00e7al\u0131\u015fmalar\u0131na devam eden Salihli \u0130l\u00e7e Emniyet M\u00fcd\u00fcrl\u00fc\u011f\u00fcne ba\u011fl\u0131 Narkotik Su\u00e7larla M\u00fccadele B\u00fcro Amirli\u011fi ekipleri, torbac\u0131 olarak tabir edilen sokak tacirlerine y\u00f6nelik operasyon ger\u00e7ekle\u015ftirdi. Operasyonda H.K.\u2019ye (32) ait ikamet ve arac\u0131nda yap\u0131lan aramada 500 adet sentetik ecza ile uyu\u015fturucu madde sat\u0131\u015f\u0131ndan elde etti\u011fi de\u011ferlendirilen 15 bin 900 lira ele ge\u00e7irildi. Olayla ilgili \u015f\u00fcpheli H.K., g\u00f6zalt\u0131na al\u0131nd\u0131.<br \/>\n<br \/>Emniyetteki i\u015flemlerinin ard\u0131ndan adliyeye sevk edilen \u015f\u00fcpheli H.K., \u2018Uyu\u015fturucu veya Uyar\u0131c\u0131 Madde \u0130mal ve Ticareti\u2019 yapmak su\u00e7undan \u00e7\u0131kar\u0131ld\u0131\u011f\u0131 mahkemece tutukland\u0131.<br \/><\/p>\n","protected":false},"excerpt":{"rendered":"<p>Manisa\u2019n\u0131n Salihli il\u00e7esinde polis taraf\u0131ndan d\u00fczenlenen uyu\u015fturucu operasyonunda 500 adet sentetik ecza ele ge\u00e7irildi. Olayla ilgili 1 ki\u015fi tutukland\u0131. Uyu\u015fturucu madde ticareti yapan \u015fah\u0131slara y\u00f6nelik \u00e7al\u0131\u015fmalar\u0131na devam eden Salihli \u0130l\u00e7e Emniyet M\u00fcd\u00fcrl\u00fc\u011f\u00fcne ba\u011fl\u0131 Narkotik Su\u00e7larla M\u00fccadele B\u00fcro Amirli\u011fi ekipleri, torbac\u0131 olarak tabir edilen sokak tacirlerine y\u00f6nelik operasyon ger\u00e7ekle\u015ftirdi. Operasyonda H.K.\u2019ye (32) ait ikamet ve arac\u0131nda&#8230;<\/p>\n","protected":false},"author":1,"featured_media":26289,"comment_status":"open","ping_status":"open","sticky":false,"template":"","format":"standard","meta":{"_crdt_document":"","footnotes":""},"categories":[5],"tags":[],"class_list":["post-26288","post","type-post","status-publish","format-standard","has-post-thumbnail","hentry","category-asayis"],"_links":{"self":[{"href":"https:\/\/www.egemtv.com\/index.php?rest_route=\/wp\/v2\/posts\/26288","targetHints":{"allow":["GET"]}}],"collection":[{"href":"https:\/\/www.egemtv.com\/index.php?rest_route=\/wp\/v2\/posts"}],"about":[{"href":"https:\/\/www.egemtv.com\/index.php?rest_route=\/wp\/v2\/types\/post"}],"author":[{"embeddable":true,"href":"https:\/\/www.egemtv.com\/index.php?rest_route=\/wp\/v2\/users\/1"}],"replies":[{"embeddable":true,"href":"https:\/\/www.egemtv.com\/index.php?rest_route=%2Fwp%2Fv2%2Fcomments&post=26288"}],"version-history":[{"count":1,"href":"https:\/\/www.egemtv.com\/index.php?rest_route=\/wp\/v2\/posts\/26288\/revisions"}],"predecessor-version":[{"id":26290,"href":"https:\/\/www.egemtv.com\/index.php?rest_route=\/wp\/v2\/posts\/26288\/revisions\/26290"}],"wp:featuredmedia":[{"embeddable":true,"href":"https:\/\/www.egemtv.com\/index.php?rest_route=\/wp\/v2\/media\/26289"}],"wp:attachment":[{"href":"https:\/\/www.egemtv.com\/index.php?rest_route=%2Fwp%2Fv2%2Fmedia&parent=26288"}],"wp:term":[{"taxonomy":"category","embeddable":true,"href":"https:\/\/www.egemtv.com\/index.php?rest_route=%2Fwp%2Fv2%2Fcategories&post=26288"},{"taxonomy":"post_tag","embeddable":true,"href":"https:\/\/www.egemtv.com\/index.php?rest_route=%2Fwp%2Fv2%2Ftags&post=26288"}],"curies":[{"name":"wp","href":"https:\/\/api.w.org\/{rel}","templated":true}]}}