{"id":26285,"date":"2025-03-24T15:03:12","date_gmt":"2025-03-24T12:03:12","guid":{"rendered":"https:\/\/www.egemtv.com\/?p=26285"},"modified":"2025-03-24T15:03:16","modified_gmt":"2025-03-24T12:03:16","slug":"kutahyada-vatandaslara-ucretsiz-fidan-dagitildi","status":"publish","type":"post","link":"https:\/\/www.egemtv.com\/?p=26285","title":{"rendered":"K\u00fctahya\u2019da vatanda\u015flara \u00fccretsiz fidan da\u011f\u0131t\u0131ld\u0131"},"content":{"rendered":"<p>K\u00fctahya\u2019da Orman Haftas\u0131 kapsam\u0131nda Zafer Meydan\u0131\u2019nda fidan da\u011f\u0131t\u0131m etkinli\u011fi d\u00fczenlendi.<br \/>\n<br \/>Vali Yard\u0131mc\u0131s\u0131 S\u00fcleyman Oval\u0131\u2019n\u0131n kat\u0131l\u0131m\u0131yla ger\u00e7ekle\u015fen etkinlik, vatanda\u015flardan yo\u011fun ilgi g\u00f6rd\u00fc. K\u00fctahya Orman B\u00f6lge M\u00fcd\u00fcr\u00fc Erdal Dingil\u2019in de yer ald\u0131\u011f\u0131 programda, do\u011fa dostu projelere destek amac\u0131yla 4 bin 343 adet kestane, ceviz ve badem fidan\u0131 \u00fccretsiz olarak da\u011f\u0131t\u0131ld\u0131.<br \/>\n<br \/>Orman B\u00f6lge M\u00fcd\u00fcrl\u00fc\u011f\u00fc yetkilileri, bu t\u00fcr etkinliklerin \u00e7evre bilincini art\u0131rmay\u0131 ve a\u011fa\u00e7land\u0131rma \u00e7al\u0131\u015fmalar\u0131na katk\u0131 sa\u011flamay\u0131 hedefledi\u011fini belirttiler.<br \/><\/p>\n","protected":false},"excerpt":{"rendered":"<p>K\u00fctahya\u2019da Orman Haftas\u0131 kapsam\u0131nda Zafer Meydan\u0131\u2019nda fidan da\u011f\u0131t\u0131m etkinli\u011fi d\u00fczenlendi. Vali Yard\u0131mc\u0131s\u0131 S\u00fcleyman Oval\u0131\u2019n\u0131n kat\u0131l\u0131m\u0131yla ger\u00e7ekle\u015fen etkinlik, vatanda\u015flardan yo\u011fun ilgi g\u00f6rd\u00fc. K\u00fctahya Orman B\u00f6lge M\u00fcd\u00fcr\u00fc Erdal Dingil\u2019in de yer ald\u0131\u011f\u0131 programda, do\u011fa dostu projelere destek amac\u0131yla 4 bin 343 adet kestane, ceviz ve badem fidan\u0131 \u00fccretsiz olarak da\u011f\u0131t\u0131ld\u0131. Orman B\u00f6lge M\u00fcd\u00fcrl\u00fc\u011f\u00fc yetkilileri, bu t\u00fcr etkinliklerin&#8230;<\/p>\n","protected":false},"author":1,"featured_media":26286,"comment_status":"open","ping_status":"open","sticky":false,"template":"","format":"standard","meta":{"_crdt_document":"","footnotes":""},"categories":[1],"tags":[],"class_list":["post-26285","post","type-post","status-publish","format-standard","has-post-thumbnail","hentry","category-guncel"],"_links":{"self":[{"href":"https:\/\/www.egemtv.com\/index.php?rest_route=\/wp\/v2\/posts\/26285","targetHints":{"allow":["GET"]}}],"collection":[{"href":"https:\/\/www.egemtv.com\/index.php?rest_route=\/wp\/v2\/posts"}],"about":[{"href":"https:\/\/www.egemtv.com\/index.php?rest_route=\/wp\/v2\/types\/post"}],"author":[{"embeddable":true,"href":"https:\/\/www.egemtv.com\/index.php?rest_route=\/wp\/v2\/users\/1"}],"replies":[{"embeddable":true,"href":"https:\/\/www.egemtv.com\/index.php?rest_route=%2Fwp%2Fv2%2Fcomments&post=26285"}],"version-history":[{"count":1,"href":"https:\/\/www.egemtv.com\/index.php?rest_route=\/wp\/v2\/posts\/26285\/revisions"}],"predecessor-version":[{"id":26287,"href":"https:\/\/www.egemtv.com\/index.php?rest_route=\/wp\/v2\/posts\/26285\/revisions\/26287"}],"wp:featuredmedia":[{"embeddable":true,"href":"https:\/\/www.egemtv.com\/index.php?rest_route=\/wp\/v2\/media\/26286"}],"wp:attachment":[{"href":"https:\/\/www.egemtv.com\/index.php?rest_route=%2Fwp%2Fv2%2Fmedia&parent=26285"}],"wp:term":[{"taxonomy":"category","embeddable":true,"href":"https:\/\/www.egemtv.com\/index.php?rest_route=%2Fwp%2Fv2%2Fcategories&post=26285"},{"taxonomy":"post_tag","embeddable":true,"href":"https:\/\/www.egemtv.com\/index.php?rest_route=%2Fwp%2Fv2%2Ftags&post=26285"}],"curies":[{"name":"wp","href":"https:\/\/api.w.org\/{rel}","templated":true}]}}