{"id":26282,"date":"2025-03-24T15:03:09","date_gmt":"2025-03-24T12:03:09","guid":{"rendered":"https:\/\/www.egemtv.com\/?p=26282"},"modified":"2025-03-24T15:03:12","modified_gmt":"2025-03-24T12:03:12","slug":"yesil-deniz-kaplumbagasi-ve-tirtak-yunus-kusadasi-sahiline-vurdu","status":"publish","type":"post","link":"https:\/\/www.egemtv.com\/?p=26282","title":{"rendered":"Ye\u015fil Deniz Kaplumba\u011fas\u0131 ve T\u0131rtak Yunus Ku\u015fadas\u0131 sahiline vurdu"},"content":{"rendered":"<p>Ayd\u0131n\u2019\u0131n Ku\u015fadas\u0131 il\u00e7esinde Ye\u015fil Deniz Kaplumba\u011fas\u0131 ve T\u0131rtak Yunus k\u0131y\u0131ya vurdu.<br \/>\n<br \/>Ku\u015fadas\u0131 Kad\u0131nlar Denizi\u2019ndeki Gurup sitesi plaj\u0131nda, site g\u00f6revlisi Ozan Do\u011fan taraf\u0131ndan deniz k\u0131y\u0131s\u0131nda g\u00f6r\u00fclen Yunus Ekosistemi Koruma ve Do\u011fa Sevenler Derne\u011fi\u2019ne (EKODOSD) bildirildi. Yap\u0131lan incelemelerde Yunus\u2019un Akdeniz \u00f6l\u00e7e\u011finde nesli tehdit alt\u0131nda bulunan 1.28 metre boyunda T\u0131rtak yunuslardan biri oldu\u011fu tespit edildi. Yunusun \u00fczerinde yap\u0131lan kontrollerde deri y\u00fczeyindeki a\u011f izlerinden muhtemelen trol a\u011flar\u0131na hedef d\u0131\u015f\u0131 av olarak yakaland\u0131\u011f\u0131 tespit edildi. \u00c7enesinin sol taraf\u0131nda muhtemelen kesici bir aletle derin bir yara a\u00e7\u0131ld\u0131\u011f\u0131 ve kuyru\u011funun kesildi\u011fi g\u00f6r\u00fcld\u00fc.<br \/>\n<br \/>Nesli tehdit alt\u0131nda olan Chelonia mydas t\u00fcr\u00fc juvenil bir Ye\u015fil Deniz Kaplumba\u011fas\u0131 da Ku\u015ftur Plaj\u0131\u2019nda telef olmu\u015f \u015fekilde bulundu. Yap\u0131lan kontrollerde kaplumba\u011fan\u0131n hedef d\u0131\u015f\u0131 av olarak trol a\u011flar\u0131na yakaland\u0131\u011f\u0131 ve nefes almak i\u00e7in su y\u00fczeyine \u00e7\u0131kamad\u0131\u011f\u0131ndan bo\u011fuldu\u011fu d\u00fc\u015f\u00fcn\u00fcl\u00fcyor.<br \/><\/p>\n","protected":false},"excerpt":{"rendered":"<p>Ayd\u0131n\u2019\u0131n Ku\u015fadas\u0131 il\u00e7esinde Ye\u015fil Deniz Kaplumba\u011fas\u0131 ve T\u0131rtak Yunus k\u0131y\u0131ya vurdu. Ku\u015fadas\u0131 Kad\u0131nlar Denizi\u2019ndeki Gurup sitesi plaj\u0131nda, site g\u00f6revlisi Ozan Do\u011fan taraf\u0131ndan deniz k\u0131y\u0131s\u0131nda g\u00f6r\u00fclen Yunus Ekosistemi Koruma ve Do\u011fa Sevenler Derne\u011fi\u2019ne (EKODOSD) bildirildi. Yap\u0131lan incelemelerde Yunus\u2019un Akdeniz \u00f6l\u00e7e\u011finde nesli tehdit alt\u0131nda bulunan 1.28 metre boyunda T\u0131rtak yunuslardan biri oldu\u011fu tespit edildi. Yunusun \u00fczerinde yap\u0131lan&#8230;<\/p>\n","protected":false},"author":1,"featured_media":26283,"comment_status":"open","ping_status":"open","sticky":false,"template":"","format":"standard","meta":{"_crdt_document":"","footnotes":""},"categories":[1],"tags":[],"class_list":["post-26282","post","type-post","status-publish","format-standard","has-post-thumbnail","hentry","category-guncel"],"_links":{"self":[{"href":"https:\/\/www.egemtv.com\/index.php?rest_route=\/wp\/v2\/posts\/26282","targetHints":{"allow":["GET"]}}],"collection":[{"href":"https:\/\/www.egemtv.com\/index.php?rest_route=\/wp\/v2\/posts"}],"about":[{"href":"https:\/\/www.egemtv.com\/index.php?rest_route=\/wp\/v2\/types\/post"}],"author":[{"embeddable":true,"href":"https:\/\/www.egemtv.com\/index.php?rest_route=\/wp\/v2\/users\/1"}],"replies":[{"embeddable":true,"href":"https:\/\/www.egemtv.com\/index.php?rest_route=%2Fwp%2Fv2%2Fcomments&post=26282"}],"version-history":[{"count":1,"href":"https:\/\/www.egemtv.com\/index.php?rest_route=\/wp\/v2\/posts\/26282\/revisions"}],"predecessor-version":[{"id":26284,"href":"https:\/\/www.egemtv.com\/index.php?rest_route=\/wp\/v2\/posts\/26282\/revisions\/26284"}],"wp:featuredmedia":[{"embeddable":true,"href":"https:\/\/www.egemtv.com\/index.php?rest_route=\/wp\/v2\/media\/26283"}],"wp:attachment":[{"href":"https:\/\/www.egemtv.com\/index.php?rest_route=%2Fwp%2Fv2%2Fmedia&parent=26282"}],"wp:term":[{"taxonomy":"category","embeddable":true,"href":"https:\/\/www.egemtv.com\/index.php?rest_route=%2Fwp%2Fv2%2Fcategories&post=26282"},{"taxonomy":"post_tag","embeddable":true,"href":"https:\/\/www.egemtv.com\/index.php?rest_route=%2Fwp%2Fv2%2Ftags&post=26282"}],"curies":[{"name":"wp","href":"https:\/\/api.w.org\/{rel}","templated":true}]}}