{"id":26279,"date":"2025-03-24T15:03:06","date_gmt":"2025-03-24T12:03:06","guid":{"rendered":"https:\/\/www.egemtv.com\/?p=26279"},"modified":"2025-03-24T15:03:09","modified_gmt":"2025-03-24T12:03:09","slug":"manisada-18-yillik-yol-sorunu-cozuluyor","status":"publish","type":"post","link":"https:\/\/www.egemtv.com\/?p=26279","title":{"rendered":"Manisa\u2019da 18 y\u0131ll\u0131k yol sorunu \u00e7\u00f6z\u00fcl\u00fcyor"},"content":{"rendered":"<p>Manisa B\u00fcy\u00fck\u015fehir Belediyesi taraf\u0131ndan y\u00fcr\u00fct\u00fclen \u00e7al\u0131\u015fmalar kapsam\u0131nda, altyap\u0131 i\u015flemleri tamamlanan Cider Yolu\u2019nda asfalt \u00f6ncesi dolgu ve s\u0131k\u0131la\u015ft\u0131rma \u00e7al\u0131\u015fmalar\u0131na ba\u015fland\u0131. Fen \u0130\u015fleri Dairesi Ba\u015fkan\u0131 Dilek Yeltin, Cider Yolu\u2019nu en k\u0131sa s\u00fcrede tamamlayarak halk\u0131n hizmetine sunacaklar\u0131n\u0131 belirtti.<br \/>\n<br \/>18 y\u0131ld\u0131r \u00e7\u00f6z\u00fclemeyen Cider Yolu sorunu, Manisa B\u00fcy\u00fck\u015fehir Belediyesi\u2019nin kararl\u0131 \u00e7al\u0131\u015fmalar\u0131yla \u00e7\u00f6z\u00fcme kavu\u015fuyor. Kent merkezinde Mimar Sinan Bulvar\u0131\u2019na alternatif olacak olan Cider Yolu, Manisa trafi\u011fine can suyu olacak. B\u00fcy\u00fck\u015fehir Belediye Ba\u015fkan\u0131 Ferdi Zeyrek\u2019in \u00f6nc\u00fcl\u00fc\u011f\u00fcnde hayata ge\u00e7irilen projede, altyap\u0131 i\u015flemleri Manisa Su ve Kanalizasyon \u0130daresi (MASK\u0130) Genel M\u00fcd\u00fcrl\u00fc\u011f\u00fc taraf\u0131ndan tamamlan\u0131rken Fen \u0130\u015fleri Dairesi ekipleri de \u00e7al\u0131\u015fmalar\u0131na ba\u015flad\u0131. Asfalt \u00f6ncesi dolgu ve s\u0131k\u0131la\u015ft\u0131rma i\u015flemleriyle yolun daha dayan\u0131kl\u0131 hale getirilmesi sa\u011flanacak. \u015eehit Hasan Kuzu Caddesi\u2019ne kadar olan b\u00f6l\u00fcmde y\u00fcr\u00fct\u00fclen \u00e7al\u0131\u015fmalar\u0131 yerinde inceleyen Fen \u0130\u015fleri Dairesi Ba\u015fkan\u0131 Dilek Yeltin, Yol Bak\u0131m \u015eantiyeler Koordinat\u00f6r\u00fc Fatih Nak\u0131\u015f\u00e7\u0131 ve Yol Yap\u0131m \u015eube M\u00fcd\u00fcr\u00fc Mehmet Oral, ekiplerin aral\u0131ks\u0131z \u00e7al\u0131\u015fmalar\u0131n\u0131 s\u00fcrd\u00fcrd\u00fc\u011f\u00fcn\u00fc belirtti.<\/p>\n<p>&#8220;\u00c7al\u0131\u015fmalar\u0131 h\u0131zla tamaml\u0131yoruz&#8221;<br \/>\n<br \/>Fen \u0130\u015fleri Dairesi Ba\u015fkan\u0131 Dilek Yeltin, yap\u0131lan \u00e7al\u0131\u015fmalar hakk\u0131nda bilgi vererek, &#8220;Yeni a\u00e7\u0131lacak Cider Yolu\u2019nday\u0131z. Altyap\u0131 i\u015flemlerini tamamlad\u0131ktan sonra asfalt \u00f6ncesi en kritik a\u015fama olan temel dolgu malzemesi serme ve s\u0131k\u0131la\u015ft\u0131rma i\u015flemlerine ba\u015flad\u0131k. Bu s\u00fcrecin ard\u0131ndan asfalt \u00e7al\u0131\u015fmalar\u0131na ge\u00e7erek, 1. etab\u0131 tamamlanan Cider Yolu\u2019nu \u015eehit Hasan Kuzu Caddesi\u2019ne ba\u011flayarak vatanda\u015flar\u0131m\u0131z\u0131n hizmetine sunaca\u011f\u0131z&#8221; dedi.<br \/>\n<br \/>\u00c7al\u0131\u015fmalar\u0131n tamamlanmas\u0131yla \u015fehir i\u00e7i trafi\u011finde b\u00fcy\u00fck bir rahatlama sa\u011flanmas\u0131 bekleniyor.<br \/><\/p>\n","protected":false},"excerpt":{"rendered":"<p>Manisa B\u00fcy\u00fck\u015fehir Belediyesi taraf\u0131ndan y\u00fcr\u00fct\u00fclen \u00e7al\u0131\u015fmalar kapsam\u0131nda, altyap\u0131 i\u015flemleri tamamlanan Cider Yolu\u2019nda asfalt \u00f6ncesi dolgu ve s\u0131k\u0131la\u015ft\u0131rma \u00e7al\u0131\u015fmalar\u0131na ba\u015fland\u0131. Fen \u0130\u015fleri Dairesi Ba\u015fkan\u0131 Dilek Yeltin, Cider Yolu\u2019nu en k\u0131sa s\u00fcrede tamamlayarak halk\u0131n hizmetine sunacaklar\u0131n\u0131 belirtti. 18 y\u0131ld\u0131r \u00e7\u00f6z\u00fclemeyen Cider Yolu sorunu, Manisa B\u00fcy\u00fck\u015fehir Belediyesi\u2019nin kararl\u0131 \u00e7al\u0131\u015fmalar\u0131yla \u00e7\u00f6z\u00fcme kavu\u015fuyor. Kent merkezinde Mimar Sinan Bulvar\u0131\u2019na alternatif olacak&#8230;<\/p>\n","protected":false},"author":1,"featured_media":26280,"comment_status":"open","ping_status":"open","sticky":false,"template":"","format":"standard","meta":{"_crdt_document":"","footnotes":""},"categories":[125],"tags":[],"class_list":["post-26279","post","type-post","status-publish","format-standard","has-post-thumbnail","hentry","category-ekonomi"],"_links":{"self":[{"href":"https:\/\/www.egemtv.com\/index.php?rest_route=\/wp\/v2\/posts\/26279","targetHints":{"allow":["GET"]}}],"collection":[{"href":"https:\/\/www.egemtv.com\/index.php?rest_route=\/wp\/v2\/posts"}],"about":[{"href":"https:\/\/www.egemtv.com\/index.php?rest_route=\/wp\/v2\/types\/post"}],"author":[{"embeddable":true,"href":"https:\/\/www.egemtv.com\/index.php?rest_route=\/wp\/v2\/users\/1"}],"replies":[{"embeddable":true,"href":"https:\/\/www.egemtv.com\/index.php?rest_route=%2Fwp%2Fv2%2Fcomments&post=26279"}],"version-history":[{"count":1,"href":"https:\/\/www.egemtv.com\/index.php?rest_route=\/wp\/v2\/posts\/26279\/revisions"}],"predecessor-version":[{"id":26281,"href":"https:\/\/www.egemtv.com\/index.php?rest_route=\/wp\/v2\/posts\/26279\/revisions\/26281"}],"wp:featuredmedia":[{"embeddable":true,"href":"https:\/\/www.egemtv.com\/index.php?rest_route=\/wp\/v2\/media\/26280"}],"wp:attachment":[{"href":"https:\/\/www.egemtv.com\/index.php?rest_route=%2Fwp%2Fv2%2Fmedia&parent=26279"}],"wp:term":[{"taxonomy":"category","embeddable":true,"href":"https:\/\/www.egemtv.com\/index.php?rest_route=%2Fwp%2Fv2%2Fcategories&post=26279"},{"taxonomy":"post_tag","embeddable":true,"href":"https:\/\/www.egemtv.com\/index.php?rest_route=%2Fwp%2Fv2%2Ftags&post=26279"}],"curies":[{"name":"wp","href":"https:\/\/api.w.org\/{rel}","templated":true}]}}