{"id":26276,"date":"2025-03-24T15:03:01","date_gmt":"2025-03-24T12:03:01","guid":{"rendered":"https:\/\/www.egemtv.com\/?p=26276"},"modified":"2025-03-24T15:03:06","modified_gmt":"2025-03-24T12:03:06","slug":"izmirdeki-elektrik-faciasi-davasinda-2-tahliye","status":"publish","type":"post","link":"https:\/\/www.egemtv.com\/?p=26276","title":{"rendered":"\u0130zmir\u2019deki elektrik facias\u0131 davas\u0131nda 2 tahliye"},"content":{"rendered":"<p>\u0130zmir\u2019in Konak il\u00e7esinde sa\u011fanak ya\u011f\u0131\u015f esnas\u0131nda elektrik ak\u0131m\u0131na kap\u0131lan 2 ki\u015finin hayat\u0131n\u0131 kaybetmesine ili\u015fkin davada, 2 tutuklu san\u0131k tahliye edildi.<br \/>\n<br \/>12 Temmuz 2024 g\u00fcn\u00fc, Konak il\u00e7esi Alsancak semtinde sa\u011fanak ya\u011f\u0131\u015f\u0131n etkili oldu\u011fu g\u00fcnde su birikintisine basan T\u0131p Fak\u00fcltesi 5. s\u0131n\u0131f \u00f6\u011frencisi \u00d6zge Ceren Deniz ve \u0130nan\u00e7 \u00d6ktemay\u2019\u0131n elektrik ak\u0131m\u0131na kap\u0131larak hayat\u0131n\u0131 kaybetmesiyle ilgili 42 san\u0131kl\u0131 davan\u0131n, ertelenen celsesi bug\u00fcn g\u00f6r\u00fcld\u00fc.<br \/>\n<br \/>\u0130zmir 10\u2019uncu A\u011f\u0131r Ceza Mahkemesi\u2019nde g\u00f6r\u00fclen davada tutuklu san\u0131klar haz\u0131r bulundu. Olayda ya\u015fam\u0131n\u0131 yitiren m\u00fczisyen \u0130nan\u00e7 \u00d6ktemay\u2019\u0131n yak\u0131nlar\u0131 avukatlar\u0131 arac\u0131l\u0131\u011f\u0131 ile mahkemeye sunduklar\u0131 dilek\u00e7e ile san\u0131klar hakk\u0131ndaki \u015fikayetlerini geri \u00e7ektiklerini ve davadan \u00e7ekildiklerini bildirdi. Olay s\u0131ras\u0131nda \u00d6zge Ceren Deniz\u2019in su birikintisinde tam olarak nereye bast\u0131\u011f\u0131n\u0131n belirlenmesine y\u00f6nelik bilirki\u015fi raporu da mahkemeye sunuldu.<br \/>\n<br \/>Olay Yeri \u0130nceleme uzmanlar\u0131nca haz\u0131rlanan yapay zeka destekli raporda, Deniz\u2019in ilk ad\u0131m\u0131n\u0131 mazgallar\u0131n aras\u0131na, ikinci ad\u0131m\u0131n\u0131 ise birinci mazgal\u0131n \u00fczerine att\u0131\u011f\u0131 belirtildi. Olay yerinde ke\u015fifle haz\u0131rlanan yeni heyet bilirki\u015fi raporu da mahkemeye ula\u015ft\u0131.<\/p>\n<p>\u00d6ktemay ailesi davadan \u00e7ekildi<br \/>\n<br \/>Duru\u015fma \u00f6ncesi, \u0130nan\u00e7 \u00d6ktemay\u2019\u0131n ailesinin davadan \u00e7ekildi\u011fi kaydedildi. Duru\u015fmada s\u00f6z alan \u0130nan\u00e7 \u00d6ktemay\u2019\u0131n a\u011fabeyi G\u00f6kan \u00d6ktemay, &#8220;Avukat\u0131m\u0131z dilek\u00e7eyi mahkemeye iletti. \u0130letece\u011fimiz ba\u015fka bir \u015fey yok&#8221; dedi. \u00d6ktemay Ailesi\u2019nin avukat\u0131 Cenk Tosuner de, &#8220;M\u00fcvekkillerimizin zararlar\u0131 giderilmi\u015f ve kat\u0131lma talebimizden, \u015fikayetimizden vazge\u00e7iyoruz&#8221; ifadelerini kulland\u0131.<br \/>\n<br \/>Cumhuriyet Savc\u0131s\u0131 ise tutukluluklar\u0131n devam\u0131na, adili kontroll\u00fc san\u0131klar\u0131n ise adli kontrol\u00fcn\u00fcn devam\u0131n\u0131 talep etti.<\/p>\n<p>2 tahliye<br \/>\n<br \/>San\u0131klar\u0131n savunmas\u0131n\u0131n ard\u0131ndan mahkeme duru\u015fmaya ara verdi. Ara sonras\u0131 karar\u0131n\u0131 a\u00e7\u0131klayan mahkeme heyeti, tutuklu sand\u0131klardan Bar\u0131\u015f Sevgili ve Yavuz \u00dcner\u2019in tahliyesine, di\u011fer tutuklu san\u0131klar\u0131n ise tutukluluklar\u0131n\u0131n devam\u0131na karar verdi. Yavuz \u00dcner\u2019in sa\u011fl\u0131k sorunlar\u0131 nedeniyle tahliye edildi\u011fi kaydedildi.<br \/>\n<br \/>Davan\u0131n di\u011fer duru\u015fmas\u0131n\u0131n 20 May\u0131s 2025 g\u00fcn\u00fc ger\u00e7ekle\u015fece\u011fi a\u00e7\u0131kland\u0131.<br \/><\/p>\n","protected":false},"excerpt":{"rendered":"<p>\u0130zmir\u2019in Konak il\u00e7esinde sa\u011fanak ya\u011f\u0131\u015f esnas\u0131nda elektrik ak\u0131m\u0131na kap\u0131lan 2 ki\u015finin hayat\u0131n\u0131 kaybetmesine ili\u015fkin davada, 2 tutuklu san\u0131k tahliye edildi. 12 Temmuz 2024 g\u00fcn\u00fc, Konak il\u00e7esi Alsancak semtinde sa\u011fanak ya\u011f\u0131\u015f\u0131n etkili oldu\u011fu g\u00fcnde su birikintisine basan T\u0131p Fak\u00fcltesi 5. s\u0131n\u0131f \u00f6\u011frencisi \u00d6zge Ceren Deniz ve \u0130nan\u00e7 \u00d6ktemay\u2019\u0131n elektrik ak\u0131m\u0131na kap\u0131larak hayat\u0131n\u0131 kaybetmesiyle ilgili 42 san\u0131kl\u0131&#8230;<\/p>\n","protected":false},"author":1,"featured_media":26277,"comment_status":"open","ping_status":"open","sticky":false,"template":"","format":"standard","meta":{"_crdt_document":"","footnotes":""},"categories":[5],"tags":[],"class_list":["post-26276","post","type-post","status-publish","format-standard","has-post-thumbnail","hentry","category-asayis"],"_links":{"self":[{"href":"https:\/\/www.egemtv.com\/index.php?rest_route=\/wp\/v2\/posts\/26276","targetHints":{"allow":["GET"]}}],"collection":[{"href":"https:\/\/www.egemtv.com\/index.php?rest_route=\/wp\/v2\/posts"}],"about":[{"href":"https:\/\/www.egemtv.com\/index.php?rest_route=\/wp\/v2\/types\/post"}],"author":[{"embeddable":true,"href":"https:\/\/www.egemtv.com\/index.php?rest_route=\/wp\/v2\/users\/1"}],"replies":[{"embeddable":true,"href":"https:\/\/www.egemtv.com\/index.php?rest_route=%2Fwp%2Fv2%2Fcomments&post=26276"}],"version-history":[{"count":1,"href":"https:\/\/www.egemtv.com\/index.php?rest_route=\/wp\/v2\/posts\/26276\/revisions"}],"predecessor-version":[{"id":26278,"href":"https:\/\/www.egemtv.com\/index.php?rest_route=\/wp\/v2\/posts\/26276\/revisions\/26278"}],"wp:featuredmedia":[{"embeddable":true,"href":"https:\/\/www.egemtv.com\/index.php?rest_route=\/wp\/v2\/media\/26277"}],"wp:attachment":[{"href":"https:\/\/www.egemtv.com\/index.php?rest_route=%2Fwp%2Fv2%2Fmedia&parent=26276"}],"wp:term":[{"taxonomy":"category","embeddable":true,"href":"https:\/\/www.egemtv.com\/index.php?rest_route=%2Fwp%2Fv2%2Fcategories&post=26276"},{"taxonomy":"post_tag","embeddable":true,"href":"https:\/\/www.egemtv.com\/index.php?rest_route=%2Fwp%2Fv2%2Ftags&post=26276"}],"curies":[{"name":"wp","href":"https:\/\/api.w.org\/{rel}","templated":true}]}}