{"id":26270,"date":"2025-03-24T14:27:17","date_gmt":"2025-03-24T11:27:17","guid":{"rendered":"https:\/\/www.egemtv.com\/?p=26270"},"modified":"2025-03-24T14:27:22","modified_gmt":"2025-03-24T11:27:22","slug":"kaklikta-asbest-borular-tarihe-karisiyor","status":"publish","type":"post","link":"https:\/\/www.egemtv.com\/?p=26270","title":{"rendered":"Kakl\u0131k\u2019ta asbest borular tarihe kar\u0131\u015f\u0131yor"},"content":{"rendered":"<p>Denizli Su ve Kanalizasyon \u0130daresi (DESK\u0130), Honaz il\u00e7esine ba\u011fl\u0131 Kakl\u0131k Mahallesi\u2019nde i\u00e7me suyu hatlar\u0131n\u0131 yeniledi. Ekonomik \u00f6mr\u00fcn\u00fc tamamlam\u0131\u015f ve s\u0131k s\u0131k patlaklar nedeniyle su kesintilerine yol a\u00e7an ve halk sa\u011f\u0131l\u0131\u011f\u0131n\u0131 tehdit eden asbest borular\u0131n yerine daha sa\u011fl\u0131kl\u0131 ve dayan\u0131kl\u0131 modern borular d\u00f6\u015fendi. \u00c7al\u0131\u015fmayla b\u00f6lgeye kesintisiz, sa\u011fl\u0131kl\u0131 ve g\u00fcvenli i\u00e7me suyu sa\u011fland\u0131.<\/p>\n<p>Denizli B\u00fcy\u00fck\u015fehir Belediyesi Su ve Kanalizasyon \u0130daresi (DESK\u0130), Honaz il\u00e7esi Kakl\u0131k Mahallesi\u2019nde ya\u015fanan boru patlaklar\u0131na \u00e7\u00f6z\u00fcm bulmak ve asbest i\u00e7me suyu borular\u0131n\u0131 yenilemek amac\u0131yla kapsaml\u0131 bir \u00e7al\u0131\u015fma ger\u00e7ekle\u015ftirdi. Proje kapsam\u0131nda b\u00f6lgedeki eski borular modern ve dayan\u0131kl\u0131 malzemelerle yenilendi. K\u0131sa bir s\u00fcre \u00f6nce ba\u015flanan \u00e7al\u0131\u015fmalarda 700 metrelik i\u00e7me suyu hatt\u0131 imalat\u0131 tamamland\u0131. \u00d6te yandan projede bir s\u00fcre \u00f6nce a\u00e7\u0131lan ve devreye al\u0131nmas\u0131 planlanan i\u00e7me suyu sondaj\u0131yla, i\u00e7me suyu deposu aras\u0131nda yer alacak iletim hatt\u0131 yenileme \u00e7al\u0131\u015fmalar\u0131 da tamamland\u0131. Projeyle, boru patlaklar\u0131ndan kaynaklanan su kesintileri sona erecek, eski ve sa\u011fl\u0131ks\u0131z borular\u0131n yerini modern ve sa\u011fl\u0131kl\u0131 altyap\u0131 alacak.<\/p>\n<p>Asbest borular yerini modern hatlara b\u0131rak\u0131yor<br \/>\n<br \/>DESK\u0130 Genel M\u00fcd\u00fcr\u00fc Egemen Emre Be\u015fli, halk sa\u011fl\u0131\u011f\u0131n\u0131n ilk \u00f6ncelikleri oldu\u011funu belirterek yap\u0131lan \u00e7al\u0131\u015fmalar hakk\u0131nda bilgi verdi. Be\u015fli, &#8220;Kakl\u0131k Sapaca\u2019da vatanda\u015flar\u0131m\u0131z\u0131n da arazisinden ge\u00e7en asbestli borular\u0131 700 metrelik yeni ve sa\u011fl\u0131kl\u0131 i\u00e7me suyu hatt\u0131 ile yeniliyoruz. Ayr\u0131ca mevcut hatlara ba\u011flant\u0131lar\u0131n\u0131 yap\u0131yoruz. Asbestli borular\u0131n de\u011fi\u015fimini sa\u011fl\u0131yoruz. Bir\u00e7ok yerde oldu\u011fu gibi halk\u0131m\u0131za sa\u011fl\u0131kl\u0131 i\u00e7me suyu temin etme noktas\u0131nda \u00e7al\u0131\u015fmalar\u0131m\u0131z\u0131 s\u00fcrd\u00fcrece\u011fiz&#8221; ifadelerini kulland\u0131.<br \/><\/p>\n","protected":false},"excerpt":{"rendered":"<p>Denizli Su ve Kanalizasyon \u0130daresi (DESK\u0130), Honaz il\u00e7esine ba\u011fl\u0131 Kakl\u0131k Mahallesi\u2019nde i\u00e7me suyu hatlar\u0131n\u0131 yeniledi. Ekonomik \u00f6mr\u00fcn\u00fc tamamlam\u0131\u015f ve s\u0131k s\u0131k patlaklar nedeniyle su kesintilerine yol a\u00e7an ve halk sa\u011f\u0131l\u0131\u011f\u0131n\u0131 tehdit eden asbest borular\u0131n yerine daha sa\u011fl\u0131kl\u0131 ve dayan\u0131kl\u0131 modern borular d\u00f6\u015fendi. \u00c7al\u0131\u015fmayla b\u00f6lgeye kesintisiz, sa\u011fl\u0131kl\u0131 ve g\u00fcvenli i\u00e7me suyu sa\u011fland\u0131. Denizli B\u00fcy\u00fck\u015fehir Belediyesi Su&#8230;<\/p>\n","protected":false},"author":1,"featured_media":26271,"comment_status":"open","ping_status":"open","sticky":false,"template":"","format":"standard","meta":{"_crdt_document":"","footnotes":""},"categories":[1],"tags":[],"class_list":["post-26270","post","type-post","status-publish","format-standard","has-post-thumbnail","hentry","category-guncel"],"_links":{"self":[{"href":"https:\/\/www.egemtv.com\/index.php?rest_route=\/wp\/v2\/posts\/26270","targetHints":{"allow":["GET"]}}],"collection":[{"href":"https:\/\/www.egemtv.com\/index.php?rest_route=\/wp\/v2\/posts"}],"about":[{"href":"https:\/\/www.egemtv.com\/index.php?rest_route=\/wp\/v2\/types\/post"}],"author":[{"embeddable":true,"href":"https:\/\/www.egemtv.com\/index.php?rest_route=\/wp\/v2\/users\/1"}],"replies":[{"embeddable":true,"href":"https:\/\/www.egemtv.com\/index.php?rest_route=%2Fwp%2Fv2%2Fcomments&post=26270"}],"version-history":[{"count":1,"href":"https:\/\/www.egemtv.com\/index.php?rest_route=\/wp\/v2\/posts\/26270\/revisions"}],"predecessor-version":[{"id":26272,"href":"https:\/\/www.egemtv.com\/index.php?rest_route=\/wp\/v2\/posts\/26270\/revisions\/26272"}],"wp:featuredmedia":[{"embeddable":true,"href":"https:\/\/www.egemtv.com\/index.php?rest_route=\/wp\/v2\/media\/26271"}],"wp:attachment":[{"href":"https:\/\/www.egemtv.com\/index.php?rest_route=%2Fwp%2Fv2%2Fmedia&parent=26270"}],"wp:term":[{"taxonomy":"category","embeddable":true,"href":"https:\/\/www.egemtv.com\/index.php?rest_route=%2Fwp%2Fv2%2Fcategories&post=26270"},{"taxonomy":"post_tag","embeddable":true,"href":"https:\/\/www.egemtv.com\/index.php?rest_route=%2Fwp%2Fv2%2Ftags&post=26270"}],"curies":[{"name":"wp","href":"https:\/\/api.w.org\/{rel}","templated":true}]}}