{"id":26264,"date":"2025-03-24T14:27:09","date_gmt":"2025-03-24T11:27:09","guid":{"rendered":"https:\/\/www.egemtv.com\/?p=26264"},"modified":"2025-03-24T14:27:13","modified_gmt":"2025-03-24T11:27:13","slug":"aci-ot-festivali-bodrumlu-sefleri-agirliyor","status":"publish","type":"post","link":"https:\/\/www.egemtv.com\/?p=26264","title":{"rendered":"Ac\u0131 Ot Festivali Bodrumlu \u015fefleri a\u011f\u0131rl\u0131yor"},"content":{"rendered":"<p>Bodrum\u2019un sevilen gastronomi etkinliklerinden Ac\u0131 Ot Festivali, bu y\u0131l da Bodrumlu \u015fefleri mutfa\u011f\u0131nda a\u011f\u0131rl\u0131yor.<\/p>\n<p>Festival kapsam\u0131nda, b\u00f6lgenin deneyimli \u015fefleri y\u00f6resel lezzetleri ve ot yemeklerini ziyaret\u00e7iler i\u00e7in haz\u0131rlayacak. Bodrum\u2019un zengin mutfak k\u00fclt\u00fcr\u00fcn\u00fc yans\u0131tan bu \u00f6zel men\u00fclerde, Ege\u2019nin \u015fifal\u0131 otlar\u0131 ba\u015frolde olacak. Usta \u015feflerin sunumlar\u0131, hem lezzet dolu bir deneyim sunacak hem de yerel tatlar\u0131n ya\u015fat\u0131lmas\u0131na katk\u0131 sa\u011flayacak.<\/p>\n<p>6. Ac\u0131 Ot Festivali 5-6 Nisan\u2019da Ortakent\u2019te<br \/>\n<br \/>Her y\u0131l binlerce ziyaret\u00e7iyi a\u011f\u0131rlayan Ac\u0131 Ot Festivali, bu y\u0131l 5-6 Nisan 2025 tarihlerinde Ortakent k\u00f6y i\u00e7inde ger\u00e7ekle\u015fecek. Ortakent Yah\u015fi Yal\u0131lar\u0131n\u0131 Geli\u015ftirme ve G\u00fczelle\u015ftirme Derne\u011fi (OYDER) taraf\u0131ndan d\u00fczenlenen festival Mu\u011fla Valili\u011fi, Mu\u011fla B\u00fcy\u00fck\u015fehir Belediyesi, Bodrum Kaymakaml\u0131\u011f\u0131, Bodrum Belediyesi, Bodrum Ticaret Odas\u0131 ve Bodrum Esnaf Odas\u0131\u2019n\u0131n deste\u011fiyle ger\u00e7ekle\u015fiyor.<\/p>\n<p>Ege\u2019nin do\u011fal lezzetleri tek \u00e7at\u0131 alt\u0131nda<br \/>\n<br \/>Ac\u0131 ot, bald\u0131ran, delikenker, turp otu, tilki\u015fen ve ada marulu gibi \u015fifal\u0131 otlar, Bodrum\u2019un bereketli topraklar\u0131ndan toplanarak festival alan\u0131nda yerini alacak. Yerel \u00fcreticiler, kendi elleriyle haz\u0131rlad\u0131klar\u0131 zeytinya\u011f\u0131, \u00e7\u00f6kelek peyniri, ev yap\u0131m\u0131 re\u00e7eller, sabunlar ve daha bir\u00e7ok do\u011fal \u00fcr\u00fcn\u00fc sat\u0131\u015fa sunacak. Bu alan, Ege mutfa\u011f\u0131n\u0131n \u00f6z\u00fcn\u00fc tatmak ve y\u00f6resel \u00fcreticilere destek olmak isteyenler i\u00e7in b\u00fcy\u00fck bir f\u0131rsat olarak g\u00f6r\u00fcl\u00fcyor.<\/p>\n<p>At\u00f6lyeler, s\u00f6yle\u015filer ve \u015feflerden tad\u0131mlar<br \/>\n<br \/>Festival boyunca sadece lezzet de\u011fil, bilgi ve deneyim de payla\u015f\u0131lacak. \u00dcnl\u00fc \u015fefler ve gastronomi uzmanlar\u0131 taraf\u0131ndan d\u00fczenlenecek at\u00f6lyelerde Ege otlar\u0131yla yap\u0131lan yemekler tan\u0131t\u0131lacak. Influencerlar ve gastronomi yazarlar\u0131 ile ger\u00e7ekle\u015fecek s\u00f6yle\u015filerde ise sa\u011fl\u0131kl\u0131 beslenme ve yerel \u00fcr\u00fcnlerin kullan\u0131m\u0131 gibi konular ele al\u0131nacak.<\/p>\n<p>Konserler ve k\u00fclt\u00fcrel g\u00f6sterilerle festival co\u015fkusu<br \/>\n<br \/>Festivalin e\u011flence k\u0131sm\u0131 da en az lezzet b\u00f6l\u00fcm\u00fc kadar iddial\u0131 olacak. Yerel sanat\u00e7\u0131lar konserleriyle sahnede olacak, halk danslar\u0131 ve geleneksel Ege \u015fovlar\u0131yla k\u00fclt\u00fcrel de\u011ferler ziyaret\u00e7ilere aktar\u0131lacak. \u0130ki g\u00fcn boyunca s\u00fcrecek etkinlikler, Bodrum\u2019un enerjisini ve ne\u015fesini Ortakent\u2019e ta\u015f\u0131yacak.<\/p>\n<p>Festivalin organizasyonunu y\u00fcr\u00fcten OYDER\u2019in ba\u015fkan\u0131 \u00d6ncel Erkal, &#8220;Bodrum\u2019un zengin bitki \u00f6rt\u00fcs\u00fcn\u00fc ve geleneksel mutfa\u011f\u0131n\u0131 tan\u0131tmak i\u00e7in bu festivali d\u00fczenliyoruz. Bu y\u0131l Bodrumlu \u015feflerimiz festival mutfa\u011f\u0131nda olacak ve y\u00f6resel lezzetlerimizle dolu bir \u015f\u00f6len ya\u015fataca\u011f\u0131z&#8221; dedi.<\/p>\n<p>Ge\u00e7ti\u011fimiz y\u0131l 80 binden fazla ziyaret\u00e7iyi a\u011f\u0131rlayan Ac\u0131 Ot Festivali, bu y\u0131l da Ege\u2019nin en b\u00fcy\u00fck gastronomi ve k\u00fclt\u00fcr etkinliklerinden biri olmaya haz\u0131rlan\u0131yor.<br \/><\/p>\n","protected":false},"excerpt":{"rendered":"<p>Bodrum\u2019un sevilen gastronomi etkinliklerinden Ac\u0131 Ot Festivali, bu y\u0131l da Bodrumlu \u015fefleri mutfa\u011f\u0131nda a\u011f\u0131rl\u0131yor. Festival kapsam\u0131nda, b\u00f6lgenin deneyimli \u015fefleri y\u00f6resel lezzetleri ve ot yemeklerini ziyaret\u00e7iler i\u00e7in haz\u0131rlayacak. Bodrum\u2019un zengin mutfak k\u00fclt\u00fcr\u00fcn\u00fc yans\u0131tan bu \u00f6zel men\u00fclerde, Ege\u2019nin \u015fifal\u0131 otlar\u0131 ba\u015frolde olacak. Usta \u015feflerin sunumlar\u0131, hem lezzet dolu bir deneyim sunacak hem de yerel tatlar\u0131n ya\u015fat\u0131lmas\u0131na katk\u0131&#8230;<\/p>\n","protected":false},"author":1,"featured_media":26265,"comment_status":"open","ping_status":"open","sticky":false,"template":"","format":"standard","meta":{"_crdt_document":"","footnotes":""},"categories":[1],"tags":[],"class_list":["post-26264","post","type-post","status-publish","format-standard","has-post-thumbnail","hentry","category-guncel"],"_links":{"self":[{"href":"https:\/\/www.egemtv.com\/index.php?rest_route=\/wp\/v2\/posts\/26264","targetHints":{"allow":["GET"]}}],"collection":[{"href":"https:\/\/www.egemtv.com\/index.php?rest_route=\/wp\/v2\/posts"}],"about":[{"href":"https:\/\/www.egemtv.com\/index.php?rest_route=\/wp\/v2\/types\/post"}],"author":[{"embeddable":true,"href":"https:\/\/www.egemtv.com\/index.php?rest_route=\/wp\/v2\/users\/1"}],"replies":[{"embeddable":true,"href":"https:\/\/www.egemtv.com\/index.php?rest_route=%2Fwp%2Fv2%2Fcomments&post=26264"}],"version-history":[{"count":1,"href":"https:\/\/www.egemtv.com\/index.php?rest_route=\/wp\/v2\/posts\/26264\/revisions"}],"predecessor-version":[{"id":26266,"href":"https:\/\/www.egemtv.com\/index.php?rest_route=\/wp\/v2\/posts\/26264\/revisions\/26266"}],"wp:featuredmedia":[{"embeddable":true,"href":"https:\/\/www.egemtv.com\/index.php?rest_route=\/wp\/v2\/media\/26265"}],"wp:attachment":[{"href":"https:\/\/www.egemtv.com\/index.php?rest_route=%2Fwp%2Fv2%2Fmedia&parent=26264"}],"wp:term":[{"taxonomy":"category","embeddable":true,"href":"https:\/\/www.egemtv.com\/index.php?rest_route=%2Fwp%2Fv2%2Fcategories&post=26264"},{"taxonomy":"post_tag","embeddable":true,"href":"https:\/\/www.egemtv.com\/index.php?rest_route=%2Fwp%2Fv2%2Ftags&post=26264"}],"curies":[{"name":"wp","href":"https:\/\/api.w.org\/{rel}","templated":true}]}}