{"id":26207,"date":"2025-03-24T12:27:03","date_gmt":"2025-03-24T09:27:03","guid":{"rendered":"https:\/\/www.egemtv.com\/?p=26207"},"modified":"2025-03-24T12:27:08","modified_gmt":"2025-03-24T09:27:08","slug":"nazilli-belediyesinden-parklarda-yaz-hazirligi","status":"publish","type":"post","link":"https:\/\/www.egemtv.com\/?p=26207","title":{"rendered":"Nazilli Belediyesi\u2019nden parklarda yaz haz\u0131rl\u0131\u011f\u0131"},"content":{"rendered":"<p>Nazilli Belediyesi Park ve Bah\u00e7eler M\u00fcd\u00fcrl\u00fc\u011f\u00fc ekipleri, yaz mevsiminin yakla\u015fmas\u0131yla birlikte il\u00e7e genelindeki park ve ye\u015fil alanlarda kapsaml\u0131 ila\u00e7lama \u00e7al\u0131\u015fmas\u0131 ba\u015flatt\u0131.<\/p>\n<p>Yabani otlar\u0131n b\u00fcy\u00fcmesini engellemek ve parklar\u0131 daha temiz tutmak amac\u0131yla y\u00fcr\u00fct\u00fclen \u00e7al\u0131\u015fmalar sayesinde vatanda\u015flar\u0131n yaz aylar\u0131nda parklarda daha hijyenik ve rahat bir ortamda vakit ge\u00e7irmesi sa\u011flanm\u0131\u015f olacak. Parklar\u0131n estetik g\u00f6r\u00fcn\u00fcm\u00fcn\u00fc koruman\u0131n yan\u0131 s\u0131ra, halk sa\u011fl\u0131\u011f\u0131n\u0131 tehdit edebilecek yabani otlar ve zararl\u0131 ha\u015ferelere kar\u015f\u0131 da \u00f6nlem alan ekipler il\u00e7e merkezindeki b\u00fcy\u00fck parklardan ba\u015flayarak mahallelerdeki ye\u015fil alanlara kadar geni\u015f bir alanda \u00e7al\u0131\u015fma yapacak.<\/p>\n<p>Parklar\u0131n temiz ve sa\u011fl\u0131kl\u0131 kalmas\u0131 i\u00e7in y\u0131l boyunca d\u00fczenli bak\u0131m ve ila\u00e7lama \u00e7al\u0131\u015fmalar\u0131n\u0131n  s\u00fcrd\u00fcrece\u011fini ifade eden Belediye Ba\u015fkan\u0131 Dr. Ertu\u011frul Tetik, &#8220;Halk\u0131m\u0131z\u0131n \u00f6zellikle yaz aylar\u0131nda parklar\u0131m\u0131zda huzurla vakit ge\u00e7irebilmesi i\u00e7in gerekli t\u00fcm \u00f6nlemleri al\u0131yoruz. Oyun gruplar\u0131n\u0131n yenilenmesi konusunda da hem\u015fehrilerimizden b\u00fcy\u00fck bir talep var. Kullan\u0131m \u00f6mr\u00fcn\u00fc tamamlam\u0131\u015f, g\u00f6r\u00fcnt\u00fc olarak da ho\u015f durmayan oyun alanlar\u0131 i\u00e7in de bir yenileme projemiz olacak. S\u0131ras\u0131yla \u015fehrimizin her sorununu \u00e7\u00f6z\u00fcme kavu\u015fturmaya devam edece\u011fiz&#8221; dedi.<br \/><\/p>\n","protected":false},"excerpt":{"rendered":"<p>Nazilli Belediyesi Park ve Bah\u00e7eler M\u00fcd\u00fcrl\u00fc\u011f\u00fc ekipleri, yaz mevsiminin yakla\u015fmas\u0131yla birlikte il\u00e7e genelindeki park ve ye\u015fil alanlarda kapsaml\u0131 ila\u00e7lama \u00e7al\u0131\u015fmas\u0131 ba\u015flatt\u0131. Yabani otlar\u0131n b\u00fcy\u00fcmesini engellemek ve parklar\u0131 daha temiz tutmak amac\u0131yla y\u00fcr\u00fct\u00fclen \u00e7al\u0131\u015fmalar sayesinde vatanda\u015flar\u0131n yaz aylar\u0131nda parklarda daha hijyenik ve rahat bir ortamda vakit ge\u00e7irmesi sa\u011flanm\u0131\u015f olacak. Parklar\u0131n estetik g\u00f6r\u00fcn\u00fcm\u00fcn\u00fc koruman\u0131n yan\u0131 s\u0131ra, halk&#8230;<\/p>\n","protected":false},"author":1,"featured_media":26208,"comment_status":"open","ping_status":"open","sticky":false,"template":"","format":"standard","meta":{"_crdt_document":"","footnotes":""},"categories":[1],"tags":[],"class_list":["post-26207","post","type-post","status-publish","format-standard","has-post-thumbnail","hentry","category-guncel"],"_links":{"self":[{"href":"https:\/\/www.egemtv.com\/index.php?rest_route=\/wp\/v2\/posts\/26207","targetHints":{"allow":["GET"]}}],"collection":[{"href":"https:\/\/www.egemtv.com\/index.php?rest_route=\/wp\/v2\/posts"}],"about":[{"href":"https:\/\/www.egemtv.com\/index.php?rest_route=\/wp\/v2\/types\/post"}],"author":[{"embeddable":true,"href":"https:\/\/www.egemtv.com\/index.php?rest_route=\/wp\/v2\/users\/1"}],"replies":[{"embeddable":true,"href":"https:\/\/www.egemtv.com\/index.php?rest_route=%2Fwp%2Fv2%2Fcomments&post=26207"}],"version-history":[{"count":1,"href":"https:\/\/www.egemtv.com\/index.php?rest_route=\/wp\/v2\/posts\/26207\/revisions"}],"predecessor-version":[{"id":26209,"href":"https:\/\/www.egemtv.com\/index.php?rest_route=\/wp\/v2\/posts\/26207\/revisions\/26209"}],"wp:featuredmedia":[{"embeddable":true,"href":"https:\/\/www.egemtv.com\/index.php?rest_route=\/wp\/v2\/media\/26208"}],"wp:attachment":[{"href":"https:\/\/www.egemtv.com\/index.php?rest_route=%2Fwp%2Fv2%2Fmedia&parent=26207"}],"wp:term":[{"taxonomy":"category","embeddable":true,"href":"https:\/\/www.egemtv.com\/index.php?rest_route=%2Fwp%2Fv2%2Fcategories&post=26207"},{"taxonomy":"post_tag","embeddable":true,"href":"https:\/\/www.egemtv.com\/index.php?rest_route=%2Fwp%2Fv2%2Ftags&post=26207"}],"curies":[{"name":"wp","href":"https:\/\/api.w.org\/{rel}","templated":true}]}}