{"id":26150,"date":"2025-03-24T10:23:33","date_gmt":"2025-03-24T07:23:33","guid":{"rendered":"https:\/\/www.egemtv.com\/?p=26150"},"modified":"2025-03-24T10:23:37","modified_gmt":"2025-03-24T07:23:37","slug":"sanayi-ve-teknoloji-bakani-kacir-mugla-teknoparki-ziyaret-etti","status":"publish","type":"post","link":"https:\/\/www.egemtv.com\/?p=26150","title":{"rendered":"Sanayi ve Teknoloji Bakan\u0131 Kac\u0131r, Mu\u011fla Teknopark\u2019\u0131 ziyaret etti"},"content":{"rendered":"<p>Bir dizi program i\u00e7in Mu\u011fla\u2019ya gelen Sanayi ve Teknoloji Bakan\u0131 Mehmet Fatih Kac\u0131r, MSK\u00dc b\u00fcnyesinde hizmet veren Mu\u011fla Teknopark\u2019\u0131 ziyaret ederek, incelemelerde bulundu.<br \/>\n<br \/>G\u00fcney Ege Kalk\u0131nma Ajans\u0131 Projeleri Toplu A\u00e7\u0131l\u0131\u015f T\u00f6reni i\u00e7in hafta sonu Mu\u011fla\u2019da bulunan Sanayi ve Teknoloji Bakan\u0131 Mehmet Fatih Kac\u0131r, Mu\u011fla S\u0131tk\u0131 Ko\u00e7man \u00dcniversitesi (MSK\u00dc) b\u00fcnyesindeki Mu\u011fla Teknopark\u2019\u0131 ziyarette bulundu.<br \/>\n<br \/>Bakan Kac\u0131r, MSK\u00dc\u2019n\u00fcn y\u00fczde 51 hisse sahibi oldu\u011fu Mu\u011fla Teknopark\u2019\u0131n ayn\u0131 zamanda yat\u0131r\u0131mc\u0131 olarak orta\u011f\u0131 oldu\u011fu Mu\u011fla Apiterapik Ar\u0131c\u0131l\u0131k \u00dcr\u00fcnleri Ar-Ge ve \u0130novasyon \u0130\u015fleme Merkezi A.\u015e.\u2019nin yapt\u0131\u011f\u0131 Ar-Ge faaliyetlerini yerinde inceledi.<br \/>\n<br \/>Mu\u011fla Teknopark\u2019ta, Bakan Kac\u0131r\u2019a, Teknopark\u2019\u0131n mevcut durumu hakk\u0131nda detayl\u0131 bilgi verildi.<br \/>\n<br \/>Sanayi ve Teknoloji Bakan\u0131 Mehmet Fatih Kac\u0131r\u2019a ziyareti s\u0131ras\u0131nda, 2020 y\u0131l\u0131nda faaliyete ge\u00e7en Mu\u011fla Teknopark\u2019\u0131n h\u00e2lihaz\u0131rda 47 firmaya ev sahipli\u011fi yapt\u0131\u011f\u0131 bilgisi aktar\u0131ld\u0131. Ayn\u0131 zamanda, doluluk oran\u0131n\u0131n y\u00fczde 95\u2019e ula\u015ft\u0131\u011f\u0131 Teknopark\u2019taki firmalar\u0131n toplam proje gelirinin ise 102 milyon TL seviyesinde oldu\u011fu s\u00f6ylendi.<br \/>\n<br \/>Bu geli\u015fmeler \u0131\u015f\u0131\u011f\u0131nda T\u00fcrkiye\u2019yi daha g\u00fc\u00e7l\u00fc ve topyekun kalk\u0131nm\u0131\u015f bir konuma ta\u015f\u0131yacaklar\u0131n\u0131 ifade eden Bakan Kac\u0131r, Mu\u011fla\u2019n\u0131n ekonomik kalk\u0131nmas\u0131na de\u011fer katacak bu projelerin kente ve \u00fclkeye hay\u0131rl\u0131 olmas\u0131n\u0131 diledi.<br \/><\/p>\n","protected":false},"excerpt":{"rendered":"<p>Bir dizi program i\u00e7in Mu\u011fla\u2019ya gelen Sanayi ve Teknoloji Bakan\u0131 Mehmet Fatih Kac\u0131r, MSK\u00dc b\u00fcnyesinde hizmet veren Mu\u011fla Teknopark\u2019\u0131 ziyaret ederek, incelemelerde bulundu. G\u00fcney Ege Kalk\u0131nma Ajans\u0131 Projeleri Toplu A\u00e7\u0131l\u0131\u015f T\u00f6reni i\u00e7in hafta sonu Mu\u011fla\u2019da bulunan Sanayi ve Teknoloji Bakan\u0131 Mehmet Fatih Kac\u0131r, Mu\u011fla S\u0131tk\u0131 Ko\u00e7man \u00dcniversitesi (MSK\u00dc) b\u00fcnyesindeki Mu\u011fla Teknopark\u2019\u0131 ziyarette bulundu. Bakan Kac\u0131r,&#8230;<\/p>\n","protected":false},"author":1,"featured_media":26151,"comment_status":"open","ping_status":"open","sticky":false,"template":"","format":"standard","meta":{"_crdt_document":"","footnotes":""},"categories":[125],"tags":[],"class_list":["post-26150","post","type-post","status-publish","format-standard","has-post-thumbnail","hentry","category-ekonomi"],"_links":{"self":[{"href":"https:\/\/www.egemtv.com\/index.php?rest_route=\/wp\/v2\/posts\/26150","targetHints":{"allow":["GET"]}}],"collection":[{"href":"https:\/\/www.egemtv.com\/index.php?rest_route=\/wp\/v2\/posts"}],"about":[{"href":"https:\/\/www.egemtv.com\/index.php?rest_route=\/wp\/v2\/types\/post"}],"author":[{"embeddable":true,"href":"https:\/\/www.egemtv.com\/index.php?rest_route=\/wp\/v2\/users\/1"}],"replies":[{"embeddable":true,"href":"https:\/\/www.egemtv.com\/index.php?rest_route=%2Fwp%2Fv2%2Fcomments&post=26150"}],"version-history":[{"count":1,"href":"https:\/\/www.egemtv.com\/index.php?rest_route=\/wp\/v2\/posts\/26150\/revisions"}],"predecessor-version":[{"id":26152,"href":"https:\/\/www.egemtv.com\/index.php?rest_route=\/wp\/v2\/posts\/26150\/revisions\/26152"}],"wp:featuredmedia":[{"embeddable":true,"href":"https:\/\/www.egemtv.com\/index.php?rest_route=\/wp\/v2\/media\/26151"}],"wp:attachment":[{"href":"https:\/\/www.egemtv.com\/index.php?rest_route=%2Fwp%2Fv2%2Fmedia&parent=26150"}],"wp:term":[{"taxonomy":"category","embeddable":true,"href":"https:\/\/www.egemtv.com\/index.php?rest_route=%2Fwp%2Fv2%2Fcategories&post=26150"},{"taxonomy":"post_tag","embeddable":true,"href":"https:\/\/www.egemtv.com\/index.php?rest_route=%2Fwp%2Fv2%2Ftags&post=26150"}],"curies":[{"name":"wp","href":"https:\/\/api.w.org\/{rel}","templated":true}]}}