{"id":26141,"date":"2025-03-24T10:08:43","date_gmt":"2025-03-24T07:08:43","guid":{"rendered":"https:\/\/www.egemtv.com\/?p=26141"},"modified":"2025-03-24T10:08:46","modified_gmt":"2025-03-24T07:08:46","slug":"ispanya-la-liga-ekibi-leganes-gokturk-efe-gorgun-icin-teklif-yapti","status":"publish","type":"post","link":"https:\/\/www.egemtv.com\/?p=26141","title":{"rendered":"\u0130spanya La Liga ekibi Leganes, G\u00f6kt\u00fcrk Efe G\u00f6rg\u00fcn i\u00e7in teklif yapt\u0131"},"content":{"rendered":"<p>\u0130spanya La Liga ekibi Leganes, Menemen FK U-17 formas\u0131 giyen 2007 do\u011fumlu G\u00f6kt\u00fcrk Efe G\u00f6rg\u00fcn\u2019\u00fc transfer etmek i\u00e7in resmi teklifte bulundu.<br \/>\n<br \/>TFF 2. Lig K\u0131rm\u0131z\u0131 Grup ekiplerinden Menemen FK\u2019n\u0131n U-17 tak\u0131m\u0131nda forma giyen G\u00f6kt\u00fcrk Efe G\u00f6rg\u00fcn, \u0130spanyol ekiplerinin radar\u0131na girdi. Galatasaray altyap\u0131s\u0131nda yeti\u015fen ve daha sonra ailesiyle birlikte \u0130zmir\u2019e ta\u015f\u0131nan 17 ya\u015f\u0131ndaki stoper, futbol hayat\u0131n\u0131 Menemen FK\u2019da s\u00fcrd\u00fcr\u00fcyor. K\u0131sa bir s\u00fcre i\u00e7erisinde g\u00f6sterdi\u011fi performansla dikkatleri \u00e7eken ve kaptanl\u0131\u011fa kadar y\u00fckselen G\u00f6kt\u00fcrk Efe G\u00f6rg\u00fcn, \u0130spanyol ekiplerinin de g\u00f6zdesi oldu. Sol ayakl\u0131 stoper i\u00e7in La Liga ekibi Leganes\u2019in resmi teklifte bulundu\u011fu \u00f6\u011frenildi. \u0130zmir ekibi, bu teklife hen\u00fcz yan\u0131t vermezken, nas\u0131l bir yol izlenece\u011fi ise merakla bekleniyor.<br \/>\n<br \/>1.90\u2019l\u0131k savunmac\u0131ya bir di\u011fer \u0130spanyol ekibi olan Levante\u2019nin de talip oldu\u011fu bildirildi. \u0130spanya 2. Lig ekibinin sezon sonunda resmi giri\u015fimlerde bulunaca\u011f\u0131 ifade edildi.<br \/>\n<br \/>Menemen FK\u2019n\u0131n da gelen bu teklifler sonras\u0131nda U-17 Ligi\u2019nin sona ermesinden sonra G\u00f6kt\u00fcrk Efe G\u00f6rg\u00fcn ile profesyonel s\u00f6zle\u015fme imzalayaca\u011f\u0131 belirtildi.<br \/>\n<br \/>G\u00f6kt\u00fcrk Efe G\u00f6rg\u00fcn, 2024-2025 sezonunda U-17 formas\u0131yla 19 ma\u00e7a \u00e7\u0131karken, 2 de gol atmay\u0131 ba\u015fard\u0131.<br \/><\/p>\n","protected":false},"excerpt":{"rendered":"<p>\u0130spanya La Liga ekibi Leganes, Menemen FK U-17 formas\u0131 giyen 2007 do\u011fumlu G\u00f6kt\u00fcrk Efe G\u00f6rg\u00fcn\u2019\u00fc transfer etmek i\u00e7in resmi teklifte bulundu. TFF 2. Lig K\u0131rm\u0131z\u0131 Grup ekiplerinden Menemen FK\u2019n\u0131n U-17 tak\u0131m\u0131nda forma giyen G\u00f6kt\u00fcrk Efe G\u00f6rg\u00fcn, \u0130spanyol ekiplerinin radar\u0131na girdi. Galatasaray altyap\u0131s\u0131nda yeti\u015fen ve daha sonra ailesiyle birlikte \u0130zmir\u2019e ta\u015f\u0131nan 17 ya\u015f\u0131ndaki stoper, futbol hayat\u0131n\u0131&#8230;<\/p>\n","protected":false},"author":1,"featured_media":26142,"comment_status":"open","ping_status":"open","sticky":false,"template":"","format":"standard","meta":{"_crdt_document":"","footnotes":""},"categories":[4],"tags":[],"class_list":["post-26141","post","type-post","status-publish","format-standard","has-post-thumbnail","hentry","category-spor"],"_links":{"self":[{"href":"https:\/\/www.egemtv.com\/index.php?rest_route=\/wp\/v2\/posts\/26141","targetHints":{"allow":["GET"]}}],"collection":[{"href":"https:\/\/www.egemtv.com\/index.php?rest_route=\/wp\/v2\/posts"}],"about":[{"href":"https:\/\/www.egemtv.com\/index.php?rest_route=\/wp\/v2\/types\/post"}],"author":[{"embeddable":true,"href":"https:\/\/www.egemtv.com\/index.php?rest_route=\/wp\/v2\/users\/1"}],"replies":[{"embeddable":true,"href":"https:\/\/www.egemtv.com\/index.php?rest_route=%2Fwp%2Fv2%2Fcomments&post=26141"}],"version-history":[{"count":1,"href":"https:\/\/www.egemtv.com\/index.php?rest_route=\/wp\/v2\/posts\/26141\/revisions"}],"predecessor-version":[{"id":26143,"href":"https:\/\/www.egemtv.com\/index.php?rest_route=\/wp\/v2\/posts\/26141\/revisions\/26143"}],"wp:featuredmedia":[{"embeddable":true,"href":"https:\/\/www.egemtv.com\/index.php?rest_route=\/wp\/v2\/media\/26142"}],"wp:attachment":[{"href":"https:\/\/www.egemtv.com\/index.php?rest_route=%2Fwp%2Fv2%2Fmedia&parent=26141"}],"wp:term":[{"taxonomy":"category","embeddable":true,"href":"https:\/\/www.egemtv.com\/index.php?rest_route=%2Fwp%2Fv2%2Fcategories&post=26141"},{"taxonomy":"post_tag","embeddable":true,"href":"https:\/\/www.egemtv.com\/index.php?rest_route=%2Fwp%2Fv2%2Ftags&post=26141"}],"curies":[{"name":"wp","href":"https:\/\/api.w.org\/{rel}","templated":true}]}}