{"id":26138,"date":"2025-03-24T09:24:54","date_gmt":"2025-03-24T06:24:54","guid":{"rendered":"https:\/\/www.egemtv.com\/?p=26138"},"modified":"2025-03-24T09:24:57","modified_gmt":"2025-03-24T06:24:57","slug":"kusadasindaki-turist-rehberleri-latmosu-gezdi","status":"publish","type":"post","link":"https:\/\/www.egemtv.com\/?p=26138","title":{"rendered":"Ku\u015fadas\u0131\u2019ndaki turist rehberleri Latmos\u2019u gezdi"},"content":{"rendered":"<p>Ayd\u0131n\u2019\u0131n Ku\u015fadas\u0131 il\u00e7esindeki profesyonel turist rehberleri Latmos\u2019un do\u011fal g\u00fczelliklerini ke\u015ffe \u00e7\u0131kt\u0131.<\/p>\n<p>Ku\u015fadas\u0131 Ekosistemi Koruma ve Do\u011fa Sevenler Derne\u011fi taraf\u0131ndan d\u00fczenlenen etkinlikte, Ku\u015fadas\u0131\u2019nda g\u00f6rev yapan profesyonel turist ve Likya Yolu rehberleri ve foto\u011fraf\u00e7\u0131lar Latmos b\u00f6lgesinde d\u00fczenlenen geziye kat\u0131ld\u0131. Etkinlikte  Bat\u0131 Anadolu\u2019daki Hititlere ait Karabel ve Akp\u0131nar\u2019dan sonra Alman arkeolog Dr. Anneliese Peschlow taraf\u0131ndan Latmos (Be\u015fparmak) Da\u011flar\u0131\u2019nda bulunan Hitit hiyeroglif kitabesinin bulundu\u011fu Suratkaya\u2019ya gidilerek, b\u00f6lgenin do\u011fal ve k\u00fclt\u00fcrel kaynak de\u011ferleri gezilip, ekoturizm a\u00e7\u0131s\u0131ndan \u00f6nemi de\u011ferlendirildi.<\/p>\n<p>EKODOSD Ba\u015fkan\u0131 Bahattin S\u00fcr\u00fcc\u00fc, d\u00fczenlenen gezi etkinli\u011fi ile ilgili yapt\u0131\u011f\u0131 a\u00e7\u0131klamada, &#8220;B\u00fct\u00fcn d\u00fcnyay\u0131 dola\u015fan ve \u00fclkemize farkl\u0131 \u00fclkelerden gelen ziyaret\u00e7ileri gezdiren rehberler; Latmos Da\u011flar\u0131\u2019n\u0131n bar\u0131nd\u0131rd\u0131\u011f\u0131 do\u011fal ve k\u00fclt\u00fcrel zenginliklerin d\u00fcnyada \u00e7ok az yerde bulundu\u011funu, bu \u00f6zellikleri nedeniyle b\u00f6lgenin T\u00fcrkiye\u2019de \u00f6nemli bir turizm destinasyonu olabilece\u011fini, do\u011fru planlamalar yap\u0131ld\u0131\u011f\u0131nda \u00fclkemizin tan\u0131t\u0131m\u0131na b\u00fcy\u00fck katk\u0131 yapaca\u011f\u0131n\u0131 ve y\u00f6re insanlar\u0131n\u0131n da bundan kazan\u0131mlar\u0131 olaca\u011f\u0131n\u0131 belirttiler. Ancak b\u00f6ylesine zengin bir alanda b\u00f6lgeyi delik de\u015fik eden maden ocaklar\u0131n\u0131n g\u00f6r\u00fcnt\u00fcleri y\u00fcrekleri s\u0131zlatt\u0131 ve herkesi \u00fczd\u00fc. Latmos Da\u011flar\u0131\u2019yla b\u00fct\u00fcnle\u015fen Ulusal Azap G\u00f6l\u00fc Sulak Alan\u0131nda sazl\u0131klar\u0131n i\u00e7indeki ku\u015flar izlendi. Etkinli\u011fe kat\u0131lanlar\u0131n ortak de\u011ferlendirmesi; b\u00f6lgenin zenginliklerinin e\u015fsiz oldu\u011fu, ancak bu de\u011ferlerin madencilik faaliyetleriyle yok edildi\u011fi, bu zenginliklerin fark\u0131na var\u0131larak bir an \u00f6nce yetkili kurumlar\u0131n da\u011f\u0131n b\u00fct\u00fcnc\u00fcl korunmas\u0131 i\u00e7in gerekli tedbirleri almalar\u0131 ve b\u00f6lgeyi tan\u0131tacak projeler geli\u015ftirmeleri istendi&#8221; diye konu\u015ftu.<br \/><\/p>\n","protected":false},"excerpt":{"rendered":"<p>Ayd\u0131n\u2019\u0131n Ku\u015fadas\u0131 il\u00e7esindeki profesyonel turist rehberleri Latmos\u2019un do\u011fal g\u00fczelliklerini ke\u015ffe \u00e7\u0131kt\u0131. Ku\u015fadas\u0131 Ekosistemi Koruma ve Do\u011fa Sevenler Derne\u011fi taraf\u0131ndan d\u00fczenlenen etkinlikte, Ku\u015fadas\u0131\u2019nda g\u00f6rev yapan profesyonel turist ve Likya Yolu rehberleri ve foto\u011fraf\u00e7\u0131lar Latmos b\u00f6lgesinde d\u00fczenlenen geziye kat\u0131ld\u0131. Etkinlikte Bat\u0131 Anadolu\u2019daki Hititlere ait Karabel ve Akp\u0131nar\u2019dan sonra Alman arkeolog Dr. Anneliese Peschlow taraf\u0131ndan Latmos (Be\u015fparmak) Da\u011flar\u0131\u2019nda&#8230;<\/p>\n","protected":false},"author":1,"featured_media":26139,"comment_status":"open","ping_status":"open","sticky":false,"template":"","format":"standard","meta":{"_crdt_document":"","footnotes":""},"categories":[1],"tags":[],"class_list":["post-26138","post","type-post","status-publish","format-standard","has-post-thumbnail","hentry","category-guncel"],"_links":{"self":[{"href":"https:\/\/www.egemtv.com\/index.php?rest_route=\/wp\/v2\/posts\/26138","targetHints":{"allow":["GET"]}}],"collection":[{"href":"https:\/\/www.egemtv.com\/index.php?rest_route=\/wp\/v2\/posts"}],"about":[{"href":"https:\/\/www.egemtv.com\/index.php?rest_route=\/wp\/v2\/types\/post"}],"author":[{"embeddable":true,"href":"https:\/\/www.egemtv.com\/index.php?rest_route=\/wp\/v2\/users\/1"}],"replies":[{"embeddable":true,"href":"https:\/\/www.egemtv.com\/index.php?rest_route=%2Fwp%2Fv2%2Fcomments&post=26138"}],"version-history":[{"count":1,"href":"https:\/\/www.egemtv.com\/index.php?rest_route=\/wp\/v2\/posts\/26138\/revisions"}],"predecessor-version":[{"id":26140,"href":"https:\/\/www.egemtv.com\/index.php?rest_route=\/wp\/v2\/posts\/26138\/revisions\/26140"}],"wp:featuredmedia":[{"embeddable":true,"href":"https:\/\/www.egemtv.com\/index.php?rest_route=\/wp\/v2\/media\/26139"}],"wp:attachment":[{"href":"https:\/\/www.egemtv.com\/index.php?rest_route=%2Fwp%2Fv2%2Fmedia&parent=26138"}],"wp:term":[{"taxonomy":"category","embeddable":true,"href":"https:\/\/www.egemtv.com\/index.php?rest_route=%2Fwp%2Fv2%2Fcategories&post=26138"},{"taxonomy":"post_tag","embeddable":true,"href":"https:\/\/www.egemtv.com\/index.php?rest_route=%2Fwp%2Fv2%2Ftags&post=26138"}],"curies":[{"name":"wp","href":"https:\/\/api.w.org\/{rel}","templated":true}]}}