{"id":26135,"date":"2025-03-24T09:24:49","date_gmt":"2025-03-24T06:24:49","guid":{"rendered":"https:\/\/www.egemtv.com\/?p=26135"},"modified":"2025-03-24T09:24:54","modified_gmt":"2025-03-24T06:24:54","slug":"aydinda-otobus-kazasi-1-olu-32-yarali","status":"publish","type":"post","link":"https:\/\/www.egemtv.com\/?p=26135","title":{"rendered":"Ayd\u0131n\u2019da otob\u00fcs kazas\u0131: 1 \u00f6l\u00fc, 32 yaral\u0131"},"content":{"rendered":"<p>Ayd\u0131n\u2019\u0131n Kuyucak il\u00e7esinde meydana gelen trafik kazas\u0131nda bir ki\u015fi hayat\u0131n\u0131 kaybederken, 32 ki\u015fi yaraland\u0131.<br \/>\n<br \/>Kaza, Ayd\u0131n-Denizli otoban\u0131 Yamalak mevkisinde sabah erken saatlerde meydana geldi. Edinilen bilgiye g\u00f6re, Ayd\u0131n\u2019dan Antalya\u2019ya do\u011fru ilerleyen Isparta Petrol Turizm\u2019e ait G.D. idaresindeki 32 AEZ 410 plakal\u0131 Mercedes yolcu otob\u00fcs\u00fc, \u015fof\u00f6r\u00fcn\u00fcn direksiyon hakimiyetini kaybetmesi \u00fczerine yoldan \u00e7\u0131karak \u015farampole girdi. Kaza ihbar\u0131 \u00fczerine b\u00f6lgeye \u00e7ok say\u0131da sa\u011fl\u0131k, itfaiye, AFAD ve jandarma ekipleri sevk edildi. Kazada Umut Erg\u00fcl (27) isimli yolcu otob\u00fcs tekerle\u011fi ile su kanal\u0131 aras\u0131nda s\u0131k\u0131\u015farak hayat\u0131n\u0131 kaybederken, 2\u2019si personel 30\u2019u yolcu toplam 32 ki\u015fi ise yaraland\u0131. Yaral\u0131lar b\u00f6lgeye sevk edilen ambulanslarla \u00e7evredeki hastanelere kald\u0131r\u0131l\u0131rken, yaral\u0131lardan 4\u2019\u00fcn\u00fcn durumunun a\u011f\u0131r oldu\u011fu \u00f6\u011frenildi.<br \/>\n<br \/>Kazayla ilgili soru\u015fturma s\u00fcr\u00fcyor.<br \/><\/p>\n","protected":false},"excerpt":{"rendered":"<p>Ayd\u0131n\u2019\u0131n Kuyucak il\u00e7esinde meydana gelen trafik kazas\u0131nda bir ki\u015fi hayat\u0131n\u0131 kaybederken, 32 ki\u015fi yaraland\u0131. Kaza, Ayd\u0131n-Denizli otoban\u0131 Yamalak mevkisinde sabah erken saatlerde meydana geldi. Edinilen bilgiye g\u00f6re, Ayd\u0131n\u2019dan Antalya\u2019ya do\u011fru ilerleyen Isparta Petrol Turizm\u2019e ait G.D. idaresindeki 32 AEZ 410 plakal\u0131 Mercedes yolcu otob\u00fcs\u00fc, \u015fof\u00f6r\u00fcn\u00fcn direksiyon hakimiyetini kaybetmesi \u00fczerine yoldan \u00e7\u0131karak \u015farampole girdi. Kaza ihbar\u0131&#8230;<\/p>\n","protected":false},"author":1,"featured_media":26136,"comment_status":"open","ping_status":"open","sticky":false,"template":"","format":"standard","meta":{"_crdt_document":"","footnotes":""},"categories":[5],"tags":[],"class_list":["post-26135","post","type-post","status-publish","format-standard","has-post-thumbnail","hentry","category-asayis"],"_links":{"self":[{"href":"https:\/\/www.egemtv.com\/index.php?rest_route=\/wp\/v2\/posts\/26135","targetHints":{"allow":["GET"]}}],"collection":[{"href":"https:\/\/www.egemtv.com\/index.php?rest_route=\/wp\/v2\/posts"}],"about":[{"href":"https:\/\/www.egemtv.com\/index.php?rest_route=\/wp\/v2\/types\/post"}],"author":[{"embeddable":true,"href":"https:\/\/www.egemtv.com\/index.php?rest_route=\/wp\/v2\/users\/1"}],"replies":[{"embeddable":true,"href":"https:\/\/www.egemtv.com\/index.php?rest_route=%2Fwp%2Fv2%2Fcomments&post=26135"}],"version-history":[{"count":1,"href":"https:\/\/www.egemtv.com\/index.php?rest_route=\/wp\/v2\/posts\/26135\/revisions"}],"predecessor-version":[{"id":26137,"href":"https:\/\/www.egemtv.com\/index.php?rest_route=\/wp\/v2\/posts\/26135\/revisions\/26137"}],"wp:featuredmedia":[{"embeddable":true,"href":"https:\/\/www.egemtv.com\/index.php?rest_route=\/wp\/v2\/media\/26136"}],"wp:attachment":[{"href":"https:\/\/www.egemtv.com\/index.php?rest_route=%2Fwp%2Fv2%2Fmedia&parent=26135"}],"wp:term":[{"taxonomy":"category","embeddable":true,"href":"https:\/\/www.egemtv.com\/index.php?rest_route=%2Fwp%2Fv2%2Fcategories&post=26135"},{"taxonomy":"post_tag","embeddable":true,"href":"https:\/\/www.egemtv.com\/index.php?rest_route=%2Fwp%2Fv2%2Ftags&post=26135"}],"curies":[{"name":"wp","href":"https:\/\/api.w.org\/{rel}","templated":true}]}}