{"id":26132,"date":"2025-03-24T08:43:39","date_gmt":"2025-03-24T05:43:39","guid":{"rendered":"https:\/\/www.egemtv.com\/?p=26132"},"modified":"2025-03-24T08:43:42","modified_gmt":"2025-03-24T05:43:42","slug":"ticari-arac-bariyere-ok-gibi-saplandi-4-yarali","status":"publish","type":"post","link":"https:\/\/www.egemtv.com\/?p=26132","title":{"rendered":"Ticari ara\u00e7 bariyere ok gibi sapland\u0131: 4 yaral\u0131"},"content":{"rendered":"<p>Ayd\u0131n\u2019\u0131n Yenipazar il\u00e7esinde ticari arac\u0131n bariyere saplanmas\u0131 sonucu meydana gelen trafik kazas\u0131nda 4 ki\u015fi yaraland\u0131.<\/p>\n<p>Kaza, Ayd\u0131n-Denizli Otoban\u0131 Yenipazar Y\u00f6r\u00fckali Efe kav\u015fa\u011f\u0131 mevkiinde meydana geldi. Edinilen bilgiye g\u00f6re 55 AHH 366 plakal\u0131 ticari ara\u00e7 s\u00fcr\u00fcc\u00fcs\u00fcn\u00fcn direksiyon hakimiyetini kaybetmesi \u00fczerine bariyere ok gibi sapland\u0131. Kaza ihbar\u0131 \u00fczerine b\u00f6lgeye \u00e7ok say\u0131da sa\u011fl\u0131k, jandarma itfaiye ve AFAD ekipleri sevk edildi. Ya\u015fanan kazada S.B.D, E.D., M.A.D. ve K.I yaraland\u0131. Yaral\u0131lar ambulanslar ile hastaneye kald\u0131r\u0131l\u0131rken, yaral\u0131lardan S.B.D\u2019nin durumunun a\u011f\u0131r oldu\u011fu \u00f6\u011frenildi.<\/p>\n<p>Kazayla ilgili soru\u015fturma s\u00fcr\u00fcyor.<br \/><\/p>\n","protected":false},"excerpt":{"rendered":"<p>Ayd\u0131n\u2019\u0131n Yenipazar il\u00e7esinde ticari arac\u0131n bariyere saplanmas\u0131 sonucu meydana gelen trafik kazas\u0131nda 4 ki\u015fi yaraland\u0131. Kaza, Ayd\u0131n-Denizli Otoban\u0131 Yenipazar Y\u00f6r\u00fckali Efe kav\u015fa\u011f\u0131 mevkiinde meydana geldi. Edinilen bilgiye g\u00f6re 55 AHH 366 plakal\u0131 ticari ara\u00e7 s\u00fcr\u00fcc\u00fcs\u00fcn\u00fcn direksiyon hakimiyetini kaybetmesi \u00fczerine bariyere ok gibi sapland\u0131. Kaza ihbar\u0131 \u00fczerine b\u00f6lgeye \u00e7ok say\u0131da sa\u011fl\u0131k, jandarma itfaiye ve AFAD ekipleri&#8230;<\/p>\n","protected":false},"author":1,"featured_media":26133,"comment_status":"open","ping_status":"open","sticky":false,"template":"","format":"standard","meta":{"_crdt_document":"","footnotes":""},"categories":[5],"tags":[],"class_list":["post-26132","post","type-post","status-publish","format-standard","has-post-thumbnail","hentry","category-asayis"],"_links":{"self":[{"href":"https:\/\/www.egemtv.com\/index.php?rest_route=\/wp\/v2\/posts\/26132","targetHints":{"allow":["GET"]}}],"collection":[{"href":"https:\/\/www.egemtv.com\/index.php?rest_route=\/wp\/v2\/posts"}],"about":[{"href":"https:\/\/www.egemtv.com\/index.php?rest_route=\/wp\/v2\/types\/post"}],"author":[{"embeddable":true,"href":"https:\/\/www.egemtv.com\/index.php?rest_route=\/wp\/v2\/users\/1"}],"replies":[{"embeddable":true,"href":"https:\/\/www.egemtv.com\/index.php?rest_route=%2Fwp%2Fv2%2Fcomments&post=26132"}],"version-history":[{"count":1,"href":"https:\/\/www.egemtv.com\/index.php?rest_route=\/wp\/v2\/posts\/26132\/revisions"}],"predecessor-version":[{"id":26134,"href":"https:\/\/www.egemtv.com\/index.php?rest_route=\/wp\/v2\/posts\/26132\/revisions\/26134"}],"wp:featuredmedia":[{"embeddable":true,"href":"https:\/\/www.egemtv.com\/index.php?rest_route=\/wp\/v2\/media\/26133"}],"wp:attachment":[{"href":"https:\/\/www.egemtv.com\/index.php?rest_route=%2Fwp%2Fv2%2Fmedia&parent=26132"}],"wp:term":[{"taxonomy":"category","embeddable":true,"href":"https:\/\/www.egemtv.com\/index.php?rest_route=%2Fwp%2Fv2%2Fcategories&post=26132"},{"taxonomy":"post_tag","embeddable":true,"href":"https:\/\/www.egemtv.com\/index.php?rest_route=%2Fwp%2Fv2%2Ftags&post=26132"}],"curies":[{"name":"wp","href":"https:\/\/api.w.org\/{rel}","templated":true}]}}