{"id":26129,"date":"2025-03-23T23:21:25","date_gmt":"2025-03-23T20:21:25","guid":{"rendered":"https:\/\/www.egemtv.com\/?p=26129"},"modified":"2025-03-23T23:21:27","modified_gmt":"2025-03-23T20:21:27","slug":"koycegizli-taekwondo-sporcusu-koparan-turkiye-ucuncusu-oldu","status":"publish","type":"post","link":"https:\/\/www.egemtv.com\/?p=26129","title":{"rendered":"K\u00f6yce\u011fizli taekwondo sporcusu Koparan T\u00fcrkiye \u00fc\u00e7\u00fcnc\u00fcs\u00fc oldu"},"content":{"rendered":"<p>Mu\u011fla\u2019n\u0131n K\u00f6yce\u011fiz il\u00e7esinden Zi\u015fan Koparan T\u00fcrkiye Y\u0131ld\u0131zlar Taekwondo \u015eampiyonas\u0131\u2019nda \u00fc\u00e7\u00fcnc\u00fc oldu.<\/p>\n<p>17-22 Mart 2025 tarihlerinde Antalya\u2019da d\u00fczenlenen T\u00fcrkiye Y\u0131ld\u0131zlar Taekwondo \u015eampiyonas\u0131\u2019nda, K\u00f6yce\u011fiz Yunus Emre Ortaokulu \u00f6\u011frencisi Zi\u015fan Koparan, Y\u0131ld\u0131z K\u0131zlar (51 kg) kategorisinde 186 sporcu aras\u0131ndan 7 m\u00fcsabaka sonucunda \u00fc\u00e7\u00fcnc\u00fc olarak b\u00fcy\u00fck bir ba\u015far\u0131ya imza att\u0131. Ald\u0131\u011f\u0131 \u00f6nemli derecesi ile 24 Mart 2025\u2019te Antalya\u2019da ger\u00e7ekle\u015ftirilecek olan Y\u0131ld\u0131zlar Milli Tak\u0131m Se\u00e7melerine kat\u0131lma hakk\u0131 kazand\u0131. Mu\u011fla \u0130l Milli E\u011fitim M\u00fcd\u00fcrl\u00fc\u011f\u00fc taraf\u0131ndan yap\u0131lan a\u00e7\u0131klamada, &#8220;Bu \u00fcst\u00fcn ba\u015far\u0131s\u0131ndan dolay\u0131 \u00f6\u011frencimizi ve Antren\u00f6r\u00fc R\u0131dvan Kurt\u2019u tebrik ediyor, milli tak\u0131m se\u00e7melerinde ba\u015far\u0131lar diliyoruz&#8221; ifadeleri kullan\u0131ld\u0131.<br \/><\/p>\n","protected":false},"excerpt":{"rendered":"<p>Mu\u011fla\u2019n\u0131n K\u00f6yce\u011fiz il\u00e7esinden Zi\u015fan Koparan T\u00fcrkiye Y\u0131ld\u0131zlar Taekwondo \u015eampiyonas\u0131\u2019nda \u00fc\u00e7\u00fcnc\u00fc oldu. 17-22 Mart 2025 tarihlerinde Antalya\u2019da d\u00fczenlenen T\u00fcrkiye Y\u0131ld\u0131zlar Taekwondo \u015eampiyonas\u0131\u2019nda, K\u00f6yce\u011fiz Yunus Emre Ortaokulu \u00f6\u011frencisi Zi\u015fan Koparan, Y\u0131ld\u0131z K\u0131zlar (51 kg) kategorisinde 186 sporcu aras\u0131ndan 7 m\u00fcsabaka sonucunda \u00fc\u00e7\u00fcnc\u00fc olarak b\u00fcy\u00fck bir ba\u015far\u0131ya imza att\u0131. Ald\u0131\u011f\u0131 \u00f6nemli derecesi ile 24 Mart 2025\u2019te Antalya\u2019da ger\u00e7ekle\u015ftirilecek&#8230;<\/p>\n","protected":false},"author":1,"featured_media":26130,"comment_status":"open","ping_status":"open","sticky":false,"template":"","format":"standard","meta":{"_crdt_document":"","footnotes":""},"categories":[4],"tags":[],"class_list":["post-26129","post","type-post","status-publish","format-standard","has-post-thumbnail","hentry","category-spor"],"_links":{"self":[{"href":"https:\/\/www.egemtv.com\/index.php?rest_route=\/wp\/v2\/posts\/26129","targetHints":{"allow":["GET"]}}],"collection":[{"href":"https:\/\/www.egemtv.com\/index.php?rest_route=\/wp\/v2\/posts"}],"about":[{"href":"https:\/\/www.egemtv.com\/index.php?rest_route=\/wp\/v2\/types\/post"}],"author":[{"embeddable":true,"href":"https:\/\/www.egemtv.com\/index.php?rest_route=\/wp\/v2\/users\/1"}],"replies":[{"embeddable":true,"href":"https:\/\/www.egemtv.com\/index.php?rest_route=%2Fwp%2Fv2%2Fcomments&post=26129"}],"version-history":[{"count":1,"href":"https:\/\/www.egemtv.com\/index.php?rest_route=\/wp\/v2\/posts\/26129\/revisions"}],"predecessor-version":[{"id":26131,"href":"https:\/\/www.egemtv.com\/index.php?rest_route=\/wp\/v2\/posts\/26129\/revisions\/26131"}],"wp:featuredmedia":[{"embeddable":true,"href":"https:\/\/www.egemtv.com\/index.php?rest_route=\/wp\/v2\/media\/26130"}],"wp:attachment":[{"href":"https:\/\/www.egemtv.com\/index.php?rest_route=%2Fwp%2Fv2%2Fmedia&parent=26129"}],"wp:term":[{"taxonomy":"category","embeddable":true,"href":"https:\/\/www.egemtv.com\/index.php?rest_route=%2Fwp%2Fv2%2Fcategories&post=26129"},{"taxonomy":"post_tag","embeddable":true,"href":"https:\/\/www.egemtv.com\/index.php?rest_route=%2Fwp%2Fv2%2Ftags&post=26129"}],"curies":[{"name":"wp","href":"https:\/\/api.w.org\/{rel}","templated":true}]}}