{"id":26126,"date":"2025-03-23T23:04:00","date_gmt":"2025-03-23T20:04:00","guid":{"rendered":"https:\/\/www.egemtv.com\/?p=26126"},"modified":"2025-03-23T23:04:08","modified_gmt":"2025-03-23T20:04:08","slug":"bulent-arinc-2-hemsehri-dernegini-ziyaret-etti","status":"publish","type":"post","link":"https:\/\/www.egemtv.com\/?p=26126","title":{"rendered":"B\u00fclent Ar\u0131n\u00e7, 2 hem\u015fehri derne\u011fini ziyaret etti"},"content":{"rendered":"<p>TBMM eski Ba\u015fkan\u0131 B\u00fclent Ar\u0131n\u00e7, Manisa\u2019n\u0131n \u015eehzadeler il\u00e7esinde 2 hem\u015fehri derne\u011finin etkinli\u011fine kat\u0131ld\u0131.<br \/>\n<br \/>TBMM eski Ba\u015fkan\u0131 B\u00fclent Ar\u0131n\u00e7, Manisa Sancakl\u0131 Y\u00f6r\u00fckleri Derne\u011fi Ba\u015fkanl\u0131\u011f\u0131 taraf\u0131ndan Alaybey Mahallesinde ger\u00e7ekle\u015ftirilen geleneksel iftar yeme\u011fi program\u0131na kat\u0131ld\u0131.<br \/>\n<br \/>Programa a\u011fabeyi Prof. Dr. \u00dcmit Do\u011fay Ar\u0131n\u00e7 ile birlikte giden B\u00fclent Ar\u0131n\u00e7\u2019\u0131, Manisa Sancakl\u0131 Y\u00f6r\u00fckleri Derne\u011fi Ba\u015fkan\u0131 Kerim G\u00fcm\u00fc\u015f kar\u015f\u0131lad\u0131.<br \/>\n<br \/>Etkinli\u011fe AK Parti \u0130l Ba\u015fkan vekili Mecit Osmanl\u0131, AK Parti \u015eehzadeler \u0130l\u00e7e Ba\u015fkan\u0131 Ahmet Nalbant, AK Parti \u015eehzadeler \u0130l\u00e7e Kad\u0131n Kollar\u0131 Ba\u015fkan\u0131 T\u00fclay \u015eent\u00fcrk ile dernek \u00fcyeleri kat\u0131ld\u0131.<br \/>\n<br \/>\u0130ftar yeme\u011fi ard\u0131ndan konu\u015fma yapan Dernek Ba\u015fkan\u0131 Kerim G\u00fcm\u00fc\u015f, kat\u0131l\u0131mlar\u0131ndan dolay\u0131 B\u00fclent Ar\u0131n\u00e7\u2019a te\u015fekk\u00fcrlerini iletti.<br \/>\n<br \/>Derne\u011fin \u015eehzadeler il\u00e7esinde 9 k\u00f6y ve merkezdeki 5 mahalleden yakla\u015f\u0131k 30 bin \u00fcyesi oldu\u011funu belirten Ba\u015fkan G\u00fcm\u00fc\u015f, dernek \u00fcyelerinin katk\u0131lar\u0131yla geleneksel hale getirdikleri iftar yeme\u011fine 3 bin ki\u015finin kat\u0131ld\u0131\u011f\u0131n\u0131 s\u00f6yledi.<br \/>\n<br \/>Yeme\u011fe kat\u0131lanlara hitap eden TBMM eski Ba\u015fkan\u0131 B\u00fclent Ar\u0131n\u00e7, konu\u015fmas\u0131nda birlik ve beraberli\u011fe vurgulayarak \u015funlar\u0131 s\u00f6yledi:<br \/>\n<br \/>&#8220;Sizlerin aras\u0131nda bulunmaktan keyif ald\u0131m. Rahats\u0131z olmama ra\u011fmen geldim. \u00c7ok \u015f\u00fck\u00fcr \u00e7ok geni\u015f kat\u0131l\u0131ml\u0131 bir iftar yap\u0131yoruz. Allah kabul etsin. Allah oru\u00e7lar\u0131m\u0131z\u0131, iftarlar\u0131m\u0131z\u0131, ibadetlerimizi hay\u0131r hasenat\u0131m\u0131z\u0131 kabul eylesin. Kadir Geceleri\u2019ndeyiz. Allah kadir gecemizi de m\u00fcbarek etsin. Hepinizin dualar\u0131 kabul olsun. \u0130\u015fimize, e\u015finize, ailenize, evlatlar\u0131m\u0131za Rabb\u2019im bereketler versin. Hay\u0131rl\u0131 \u00f6m\u00fcrler versin. Hastalar\u0131m\u0131za \u015fifa versin. Ge\u00e7mi\u015flerimize rahmet etsin. Bu dualar\u0131 beraberce amin demek \u00fczere bir araya geldik. G\u00fczel bir iftar yapt\u0131k. Manisa milletvekilimiz M\u00fccahit Ar\u0131n\u00e7 ile birlikte gelecektik. O Ala\u015fehir\u2019de g\u00f6revli ama hepinize \u00e7ok selamlar\u0131 var. Sancakl\u0131 Y\u00f6r\u00fckleri aras\u0131nda b\u00fcy\u00fck bir dayan\u0131\u015fma, dostluk ve arkada\u015fl\u0131k var. Buradan da g\u00f6r\u00fcyorum ki Manisa\u2019m\u0131z\u0131n n\u00fcfusunun da \u00e7ok \u00f6nemli bir k\u0131sm\u0131 k\u00f6ylerimizden gelen karde\u015flerimiz de olu\u015fuyor. Sizlerin de duas\u0131na, deste\u011fine her zaman ihtiyac\u0131m\u0131z var. Manisa\u2019m\u0131zda ve \u00fclkemizde huzur i\u00e7erisinde ya\u015famak istiyoruz. Allah devletimize, milletimize zeval vermesin.&#8221;<br \/>\n<br \/>Yap\u0131lan konu\u015fmalar\u0131n ard\u0131ndan dernek ba\u015fkan\u0131 G\u00fcm\u00fc\u015f taraf\u0131ndan B\u00fclent Ar\u0131n\u00e7 ve a\u011fabeyine Y\u00f6r\u00fck T\u00fcrkmen Ya\u011fl\u0131\u011f\u0131 hediye edildi.<\/p>\n<p>Selendililer Derne\u011fine ziyaret<br \/>\n<br \/>Ar\u0131n\u00e7, Manisa Sancakl\u0131 Y\u00f6r\u00fckleri Derne\u011finin iftar yeme\u011fi ard\u0131ndan, beraberindeki heyet ile birlikte \u015eehitler Mahallesinde Selendililer Derne\u011fini ziyaret etti.<br \/>\n<br \/>Manisa\u2019daki Selendililer Dernek Ba\u015fkan\u0131 Emrah Y\u0131ld\u0131r\u0131m, Selendi\u2019nin AK Partili Belediye Ba\u015fkan\u0131 Murat Daban ve Selendi Belediyesi eski Ba\u015fkan\u0131 Muharrem Kaya, AK Parti Selendi \u0130l\u00e7e Ba\u015fkan\u0131 \u015eafak Aydo\u011fu\u015f ve dernek \u00fcyeleriyle bir s\u00fcre sohbet etti.<br \/>\n<br \/>Vatanda\u015flar\u0131n yo\u011fun ilgi g\u00f6sterdi\u011fi Ar\u0131n\u00e7, bol bol hat\u0131ra foto\u011fraf\u0131 \u00e7ektirdi.<br \/><\/p>\n","protected":false},"excerpt":{"rendered":"<p>TBMM eski Ba\u015fkan\u0131 B\u00fclent Ar\u0131n\u00e7, Manisa\u2019n\u0131n \u015eehzadeler il\u00e7esinde 2 hem\u015fehri derne\u011finin etkinli\u011fine kat\u0131ld\u0131. TBMM eski Ba\u015fkan\u0131 B\u00fclent Ar\u0131n\u00e7, Manisa Sancakl\u0131 Y\u00f6r\u00fckleri Derne\u011fi Ba\u015fkanl\u0131\u011f\u0131 taraf\u0131ndan Alaybey Mahallesinde ger\u00e7ekle\u015ftirilen geleneksel iftar yeme\u011fi program\u0131na kat\u0131ld\u0131. Programa a\u011fabeyi Prof. Dr. \u00dcmit Do\u011fay Ar\u0131n\u00e7 ile birlikte giden B\u00fclent Ar\u0131n\u00e7\u2019\u0131, Manisa Sancakl\u0131 Y\u00f6r\u00fckleri Derne\u011fi Ba\u015fkan\u0131 Kerim G\u00fcm\u00fc\u015f kar\u015f\u0131lad\u0131. Etkinli\u011fe AK Parti&#8230;<\/p>\n","protected":false},"author":1,"featured_media":26127,"comment_status":"open","ping_status":"open","sticky":false,"template":"","format":"standard","meta":{"_crdt_document":"","footnotes":""},"categories":[123],"tags":[],"class_list":["post-26126","post","type-post","status-publish","format-standard","has-post-thumbnail","hentry","category-gundem"],"_links":{"self":[{"href":"https:\/\/www.egemtv.com\/index.php?rest_route=\/wp\/v2\/posts\/26126","targetHints":{"allow":["GET"]}}],"collection":[{"href":"https:\/\/www.egemtv.com\/index.php?rest_route=\/wp\/v2\/posts"}],"about":[{"href":"https:\/\/www.egemtv.com\/index.php?rest_route=\/wp\/v2\/types\/post"}],"author":[{"embeddable":true,"href":"https:\/\/www.egemtv.com\/index.php?rest_route=\/wp\/v2\/users\/1"}],"replies":[{"embeddable":true,"href":"https:\/\/www.egemtv.com\/index.php?rest_route=%2Fwp%2Fv2%2Fcomments&post=26126"}],"version-history":[{"count":1,"href":"https:\/\/www.egemtv.com\/index.php?rest_route=\/wp\/v2\/posts\/26126\/revisions"}],"predecessor-version":[{"id":26128,"href":"https:\/\/www.egemtv.com\/index.php?rest_route=\/wp\/v2\/posts\/26126\/revisions\/26128"}],"wp:featuredmedia":[{"embeddable":true,"href":"https:\/\/www.egemtv.com\/index.php?rest_route=\/wp\/v2\/media\/26127"}],"wp:attachment":[{"href":"https:\/\/www.egemtv.com\/index.php?rest_route=%2Fwp%2Fv2%2Fmedia&parent=26126"}],"wp:term":[{"taxonomy":"category","embeddable":true,"href":"https:\/\/www.egemtv.com\/index.php?rest_route=%2Fwp%2Fv2%2Fcategories&post=26126"},{"taxonomy":"post_tag","embeddable":true,"href":"https:\/\/www.egemtv.com\/index.php?rest_route=%2Fwp%2Fv2%2Ftags&post=26126"}],"curies":[{"name":"wp","href":"https:\/\/api.w.org\/{rel}","templated":true}]}}