{"id":26123,"date":"2025-03-23T22:03:26","date_gmt":"2025-03-23T19:03:26","guid":{"rendered":"https:\/\/www.egemtv.com\/?p=26123"},"modified":"2025-03-23T22:03:30","modified_gmt":"2025-03-23T19:03:30","slug":"baskan-zencirci-oyunu-kullandi-martinecka-bilekligini-sandiga-bagladi","status":"publish","type":"post","link":"https:\/\/www.egemtv.com\/?p=26123","title":{"rendered":"Ba\u015fkan Zencirci oyunu kulland\u0131, martine\u00e7ka bilekli\u011fini sand\u0131\u011fa ba\u011flad\u0131"},"content":{"rendered":"<p>Cumhuriyet Halk Partisi\u2019nin (CHP) cumhurba\u015fkan\u0131 aday\u0131 \u00f6n se\u00e7iminde e\u015fi Saliha Zencirci ile birlikte oy kullanan Germencik Belediye Ba\u015fkan\u0131 Burak Zencirci, marteni\u00e7ka bilekli\u011fini sand\u0131\u011fa ba\u011flad\u0131.<br \/>\n<br \/>G\u00fcn boyu il\u00e7ede kurulan t\u00fcm sand\u0131klar\u0131 ziyaret eden ve vatanda\u015flar i\u00e7in kurulan dayan\u0131\u015fma sand\u0131klar\u0131nda halka bir araya gelen Germencik Belediye Ba\u015fkan\u0131 Burak Zencirci, vatanda\u015flar\u0131n yo\u011fun ilgisinden duydu\u011fu memnuniyeti dile getirdi. \u00c7ocuklar\u0131n \u0130stanbul B\u00fcy\u00fck\u015fehir Belediye Ba\u015fkan\u0131 Ekrem \u0130mamo\u011flu i\u00e7in haz\u0131rlad\u0131\u011f\u0131 mektuplar\u0131 da teslim alan Ba\u015fkan Zencirci, mektuplar\u0131 \u0130mamo\u011flu\u2019na ula\u015ft\u0131raca\u011f\u0131n\u0131 belirtti. Ba\u015fkan Zencirci, &#8220;Halk\u0131m\u0131z\u0131n ilgisi ve deste\u011fi beklentimizin \u00e7ok \u00fcst\u00fcnde&#8221; diyerek vatanda\u015flara te\u015fekk\u00fcr etti.<br \/>\n<br \/>Ba\u015fkan Zencirci, &#8220;Partimizin cumhurba\u015fkan\u0131 aday\u0131 \u00f6n se\u00e7imi \u00fclkemiz genelinde oldu\u011fu gibi ilimiz ve il\u00e7emizde de yo\u011fun ilgi g\u00f6rd\u00fc. Milletimiz demokrasiye kay\u0131ts\u0131z kalamaz. Haks\u0131z ve hukuksuz tav\u0131rlara kar\u015f\u0131 cevab\u0131n\u0131 her d\u00f6nemde sand\u0131kta vermi\u015ftir ve vermeye devam edecektir. \u0130stanbul B\u00fcy\u00fck\u015fehir Belediye Ba\u015fkan\u0131m\u0131z ve Cumhurba\u015fkan\u0131 aday\u0131m\u0131z Ekrem \u0130mamo\u011flu\u2019na y\u00f6nelik \u00f6ncesinde diploma iptali, ard\u0131ndan da g\u00f6zalt\u0131 ve tutuklanma s\u00fcre\u00e7leri demokrasimize b\u00fcy\u00fck yara a\u00e7m\u0131\u015f durumdad\u0131r. Ancak bizler demokrasiye ve milletimizin iradesine sayg\u0131l\u0131 bir tav\u0131r i\u00e7erisinde her zaman oldu\u011fu gibi tek \u00e7\u00f6z\u00fcm olan sand\u0131\u011f\u0131n etraf\u0131nda bulu\u015ftuk. \u00dclkemize ve milletimize hay\u0131rl\u0131 u\u011furlu olsun&#8221; diye konu\u015ftu.<br \/>\n<br \/>CHP cumhurba\u015fkan\u0131 aday\u0131 \u00f6n se\u00e7imi sebebiyle Ayd\u0131n\u2019a gelen CHP Kad\u0131n Kollar\u0131 Genel Ba\u015fkan Yard\u0131mc\u0131s\u0131 Sibel Gerdan da Ba\u015fkan Zencirci\u2019yle birlikte sand\u0131klar\u0131 ziyaret edip, vatanda\u015flarla bir araya geldi. Gerdan ile birlikte CHP Ayd\u0131n \u0130l Kad\u0131n Kollar\u0131 Ba\u015fkan\u0131 Ay\u015fe \u00d6zdemir, \u0130l Kad\u0131n Kollar\u0131 Ba\u015fkan Yard\u0131mc\u0131s\u0131 Nazike Cengi, \u0130l\u00e7e Kad\u0131n Kollar\u0131 Ba\u015fkan\u0131 Didem G\u00fcm\u00fc\u015f de se\u00e7im alan\u0131nda yer ald\u0131.<br \/><\/p>\n","protected":false},"excerpt":{"rendered":"<p>Cumhuriyet Halk Partisi\u2019nin (CHP) cumhurba\u015fkan\u0131 aday\u0131 \u00f6n se\u00e7iminde e\u015fi Saliha Zencirci ile birlikte oy kullanan Germencik Belediye Ba\u015fkan\u0131 Burak Zencirci, marteni\u00e7ka bilekli\u011fini sand\u0131\u011fa ba\u011flad\u0131. G\u00fcn boyu il\u00e7ede kurulan t\u00fcm sand\u0131klar\u0131 ziyaret eden ve vatanda\u015flar i\u00e7in kurulan dayan\u0131\u015fma sand\u0131klar\u0131nda halka bir araya gelen Germencik Belediye Ba\u015fkan\u0131 Burak Zencirci, vatanda\u015flar\u0131n yo\u011fun ilgisinden duydu\u011fu memnuniyeti dile getirdi. \u00c7ocuklar\u0131n&#8230;<\/p>\n","protected":false},"author":1,"featured_media":26124,"comment_status":"open","ping_status":"open","sticky":false,"template":"","format":"standard","meta":{"_crdt_document":"","footnotes":""},"categories":[127],"tags":[],"class_list":["post-26123","post","type-post","status-publish","format-standard","has-post-thumbnail","hentry","category-siyaset"],"_links":{"self":[{"href":"https:\/\/www.egemtv.com\/index.php?rest_route=\/wp\/v2\/posts\/26123","targetHints":{"allow":["GET"]}}],"collection":[{"href":"https:\/\/www.egemtv.com\/index.php?rest_route=\/wp\/v2\/posts"}],"about":[{"href":"https:\/\/www.egemtv.com\/index.php?rest_route=\/wp\/v2\/types\/post"}],"author":[{"embeddable":true,"href":"https:\/\/www.egemtv.com\/index.php?rest_route=\/wp\/v2\/users\/1"}],"replies":[{"embeddable":true,"href":"https:\/\/www.egemtv.com\/index.php?rest_route=%2Fwp%2Fv2%2Fcomments&post=26123"}],"version-history":[{"count":1,"href":"https:\/\/www.egemtv.com\/index.php?rest_route=\/wp\/v2\/posts\/26123\/revisions"}],"predecessor-version":[{"id":26125,"href":"https:\/\/www.egemtv.com\/index.php?rest_route=\/wp\/v2\/posts\/26123\/revisions\/26125"}],"wp:featuredmedia":[{"embeddable":true,"href":"https:\/\/www.egemtv.com\/index.php?rest_route=\/wp\/v2\/media\/26124"}],"wp:attachment":[{"href":"https:\/\/www.egemtv.com\/index.php?rest_route=%2Fwp%2Fv2%2Fmedia&parent=26123"}],"wp:term":[{"taxonomy":"category","embeddable":true,"href":"https:\/\/www.egemtv.com\/index.php?rest_route=%2Fwp%2Fv2%2Fcategories&post=26123"},{"taxonomy":"post_tag","embeddable":true,"href":"https:\/\/www.egemtv.com\/index.php?rest_route=%2Fwp%2Fv2%2Ftags&post=26123"}],"curies":[{"name":"wp","href":"https:\/\/api.w.org\/{rel}","templated":true}]}}