{"id":26057,"date":"2025-03-23T13:10:45","date_gmt":"2025-03-23T10:10:45","guid":{"rendered":"https:\/\/www.egemtv.com\/?p=26057"},"modified":"2025-03-23T13:10:50","modified_gmt":"2025-03-23T10:10:50","slug":"oltasini-kurtarmak-icin-denize-giren-adam-bogularak-hayatini-kaybetti","status":"publish","type":"post","link":"https:\/\/www.egemtv.com\/?p=26057","title":{"rendered":"Oltas\u0131n\u0131 kurtarmak i\u00e7in denize giren adam bo\u011fularak hayat\u0131n\u0131 kaybetti"},"content":{"rendered":"<p>\u0130zmir\u2019in \u00c7e\u015fme il\u00e7esinde denizde bal\u0131k tuttu\u011fu esnada oltas\u0131 tak\u0131lan ve oltay\u0131 kurtarmak i\u00e7in suya giren adam, bo\u011fularak hayat\u0131n\u0131 kaybetti.<br \/>\n<br \/>Olay, il\u00e7eye ba\u011fl\u0131 \u015eehit Mehmet Mahallesi P\u0131rlanta Plaj\u0131 b\u00f6lgesinde meydana geldi. Edinilen bilgiye g\u00f6re, Co\u015fkun Z. (59) isimli vatanda\u015f bal\u0131k tutmak i\u00e7in denize gitti. Oltan\u0131n denizde tak\u0131l\u0131 kalmas\u0131 sonucu Co\u015fkun Z., oltay\u0131 kurtarmak i\u00e7in suya girdi. Denizde bo\u011fulma tehlikesi ya\u015fayan adam\u0131 g\u00f6renler durumu 112 Acil \u00c7a\u011fr\u0131 Merkezi\u2019ne bildirdi. \u0130hbar \u00fczerine olay yerine \u00c7e\u015fme Sahil G\u00fcvenlik ekipleri geldi. Sudan \u00e7\u0131kar\u0131lan Co\u015fkun Z.\u2019ye ilk m\u00fcdahale ekipler taraf\u0131ndan yap\u0131ld\u0131. Ancak talihsiz adam yap\u0131lan t\u00fcm m\u00fcdahalelere ra\u011fmen kurtar\u0131lamayarak hayat\u0131n\u0131 kaybetti. Co\u015fkun Z.\u2019nin cenazesi otopsi i\u00e7in \u00c7e\u015fme Alper \u00c7izgenakat Devlet Hastanesine g\u00f6t\u00fcr\u00fcld\u00fc. Olayla ilgili soru\u015fturma ba\u015flat\u0131ld\u0131\u011f\u0131 \u00f6\u011frenildi.<br \/><\/p>\n","protected":false},"excerpt":{"rendered":"<p>\u0130zmir\u2019in \u00c7e\u015fme il\u00e7esinde denizde bal\u0131k tuttu\u011fu esnada oltas\u0131 tak\u0131lan ve oltay\u0131 kurtarmak i\u00e7in suya giren adam, bo\u011fularak hayat\u0131n\u0131 kaybetti. Olay, il\u00e7eye ba\u011fl\u0131 \u015eehit Mehmet Mahallesi P\u0131rlanta Plaj\u0131 b\u00f6lgesinde meydana geldi. Edinilen bilgiye g\u00f6re, Co\u015fkun Z. (59) isimli vatanda\u015f bal\u0131k tutmak i\u00e7in denize gitti. Oltan\u0131n denizde tak\u0131l\u0131 kalmas\u0131 sonucu Co\u015fkun Z., oltay\u0131 kurtarmak i\u00e7in suya girdi&#8230;.<\/p>\n","protected":false},"author":1,"featured_media":26058,"comment_status":"open","ping_status":"open","sticky":false,"template":"","format":"standard","meta":{"_crdt_document":"","footnotes":""},"categories":[5],"tags":[],"class_list":["post-26057","post","type-post","status-publish","format-standard","has-post-thumbnail","hentry","category-asayis"],"_links":{"self":[{"href":"https:\/\/www.egemtv.com\/index.php?rest_route=\/wp\/v2\/posts\/26057","targetHints":{"allow":["GET"]}}],"collection":[{"href":"https:\/\/www.egemtv.com\/index.php?rest_route=\/wp\/v2\/posts"}],"about":[{"href":"https:\/\/www.egemtv.com\/index.php?rest_route=\/wp\/v2\/types\/post"}],"author":[{"embeddable":true,"href":"https:\/\/www.egemtv.com\/index.php?rest_route=\/wp\/v2\/users\/1"}],"replies":[{"embeddable":true,"href":"https:\/\/www.egemtv.com\/index.php?rest_route=%2Fwp%2Fv2%2Fcomments&post=26057"}],"version-history":[{"count":1,"href":"https:\/\/www.egemtv.com\/index.php?rest_route=\/wp\/v2\/posts\/26057\/revisions"}],"predecessor-version":[{"id":26059,"href":"https:\/\/www.egemtv.com\/index.php?rest_route=\/wp\/v2\/posts\/26057\/revisions\/26059"}],"wp:featuredmedia":[{"embeddable":true,"href":"https:\/\/www.egemtv.com\/index.php?rest_route=\/wp\/v2\/media\/26058"}],"wp:attachment":[{"href":"https:\/\/www.egemtv.com\/index.php?rest_route=%2Fwp%2Fv2%2Fmedia&parent=26057"}],"wp:term":[{"taxonomy":"category","embeddable":true,"href":"https:\/\/www.egemtv.com\/index.php?rest_route=%2Fwp%2Fv2%2Fcategories&post=26057"},{"taxonomy":"post_tag","embeddable":true,"href":"https:\/\/www.egemtv.com\/index.php?rest_route=%2Fwp%2Fv2%2Ftags&post=26057"}],"curies":[{"name":"wp","href":"https:\/\/api.w.org\/{rel}","templated":true}]}}