{"id":26054,"date":"2025-03-23T12:45:58","date_gmt":"2025-03-23T09:45:58","guid":{"rendered":"https:\/\/www.egemtv.com\/?p=26054"},"modified":"2025-03-23T12:46:02","modified_gmt":"2025-03-23T09:46:02","slug":"arkas-spor-rizeye-kupa-hedefiyle-gidiyor","status":"publish","type":"post","link":"https:\/\/www.egemtv.com\/?p=26054","title":{"rendered":"Arkas Spor, Rize\u2019ye kupa hedefiyle gidiyor"},"content":{"rendered":"<p>Arkas Spor, 2025 Kupa Voley \u2018D\u00f6rtl\u00fc Final\u2019inde yar\u0131n Fenerbah\u00e7e ile Rize\u2019de kar\u015f\u0131 kar\u015f\u0131ya gelecek.<br \/>\n<br \/>Arkas Spor, Fenerbah\u00e7e ile Kupa Voley \u2018D\u00f6rtl\u00fc Final\u2019inde yar\u0131n Rize\u2019de kar\u015f\u0131 kar\u015f\u0131ya gelecek. Rize Yeni\u015fehir Spor Salonu\u2019nda oynanacak m\u00fcsabaka saat 15.30\u2019da ba\u015flayacak. Kar\u015f\u0131la\u015fmaya dair a\u00e7\u0131klamalarda bulunan Arkas Spor Bas\u0131n S\u00f6zc\u00fcs\u00fc U\u011fur \u00d6zden, &#8220;Kupay\u0131 \u0130zmir\u2019e getirmek hedefindeyiz. Tak\u0131m\u0131m\u0131za yar\u0131n oynanacak ma\u00e7ta g\u00fcveniyoruz. Fenerbah\u00e7e\u2019yi yenerek Halkbank &#8211; \u0130stanbul Gen\u00e7lik Spor galibiyle finalde kar\u015f\u0131la\u015fmak \u00f6ncelikle amac\u0131m\u0131z olacak. Ekibimize ba\u015far\u0131lar diliyoruz&#8221; ifadelerini kulland\u0131.<br \/>\n<br \/>Arkas Spor finale y\u00fckselmesi halinde rakibiyle 25 Mart Sal\u0131 g\u00fcn\u00fc saat 15.00\u2019te kar\u015f\u0131la\u015facak.<br \/><\/p>\n","protected":false},"excerpt":{"rendered":"<p>Arkas Spor, 2025 Kupa Voley \u2018D\u00f6rtl\u00fc Final\u2019inde yar\u0131n Fenerbah\u00e7e ile Rize\u2019de kar\u015f\u0131 kar\u015f\u0131ya gelecek. Arkas Spor, Fenerbah\u00e7e ile Kupa Voley \u2018D\u00f6rtl\u00fc Final\u2019inde yar\u0131n Rize\u2019de kar\u015f\u0131 kar\u015f\u0131ya gelecek. Rize Yeni\u015fehir Spor Salonu\u2019nda oynanacak m\u00fcsabaka saat 15.30\u2019da ba\u015flayacak. Kar\u015f\u0131la\u015fmaya dair a\u00e7\u0131klamalarda bulunan Arkas Spor Bas\u0131n S\u00f6zc\u00fcs\u00fc U\u011fur \u00d6zden, &#8220;Kupay\u0131 \u0130zmir\u2019e getirmek hedefindeyiz. Tak\u0131m\u0131m\u0131za yar\u0131n oynanacak ma\u00e7ta g\u00fcveniyoruz&#8230;.<\/p>\n","protected":false},"author":1,"featured_media":26055,"comment_status":"open","ping_status":"open","sticky":false,"template":"","format":"standard","meta":{"_crdt_document":"","footnotes":""},"categories":[4],"tags":[],"class_list":["post-26054","post","type-post","status-publish","format-standard","has-post-thumbnail","hentry","category-spor"],"_links":{"self":[{"href":"https:\/\/www.egemtv.com\/index.php?rest_route=\/wp\/v2\/posts\/26054","targetHints":{"allow":["GET"]}}],"collection":[{"href":"https:\/\/www.egemtv.com\/index.php?rest_route=\/wp\/v2\/posts"}],"about":[{"href":"https:\/\/www.egemtv.com\/index.php?rest_route=\/wp\/v2\/types\/post"}],"author":[{"embeddable":true,"href":"https:\/\/www.egemtv.com\/index.php?rest_route=\/wp\/v2\/users\/1"}],"replies":[{"embeddable":true,"href":"https:\/\/www.egemtv.com\/index.php?rest_route=%2Fwp%2Fv2%2Fcomments&post=26054"}],"version-history":[{"count":1,"href":"https:\/\/www.egemtv.com\/index.php?rest_route=\/wp\/v2\/posts\/26054\/revisions"}],"predecessor-version":[{"id":26056,"href":"https:\/\/www.egemtv.com\/index.php?rest_route=\/wp\/v2\/posts\/26054\/revisions\/26056"}],"wp:featuredmedia":[{"embeddable":true,"href":"https:\/\/www.egemtv.com\/index.php?rest_route=\/wp\/v2\/media\/26055"}],"wp:attachment":[{"href":"https:\/\/www.egemtv.com\/index.php?rest_route=%2Fwp%2Fv2%2Fmedia&parent=26054"}],"wp:term":[{"taxonomy":"category","embeddable":true,"href":"https:\/\/www.egemtv.com\/index.php?rest_route=%2Fwp%2Fv2%2Fcategories&post=26054"},{"taxonomy":"post_tag","embeddable":true,"href":"https:\/\/www.egemtv.com\/index.php?rest_route=%2Fwp%2Fv2%2Ftags&post=26054"}],"curies":[{"name":"wp","href":"https:\/\/api.w.org\/{rel}","templated":true}]}}