{"id":26051,"date":"2025-03-23T12:45:53","date_gmt":"2025-03-23T09:45:53","guid":{"rendered":"https:\/\/www.egemtv.com\/?p=26051"},"modified":"2025-03-23T12:45:58","modified_gmt":"2025-03-23T09:45:58","slug":"tarihi-carsida-korkutan-yangin","status":"publish","type":"post","link":"https:\/\/www.egemtv.com\/?p=26051","title":{"rendered":"Tarihi \u00e7ar\u015f\u0131da korkutan yang\u0131n"},"content":{"rendered":"<p>\u0130zmir\u2019de Tarihi Kemeralt\u0131 \u00c7ar\u015f\u0131s\u0131\u2019nda bulunan \u00fc\u00e7 katl\u0131 bir i\u015f yerinde \u00e7\u0131kan yang\u0131n, itfaiye ekipleri taraf\u0131ndan s\u00f6nd\u00fcr\u00fcld\u00fc.<br \/>\n<br \/>Yang\u0131n, saat 10.30 s\u0131ralar\u0131nda Konak il\u00e7esinde bulunan Tarihi Kemeralt\u0131 \u00c7ar\u015f\u0131s\u0131 Kestelli Caddesi No:18\u2019de meydana geldi. Edinilen bilgiye g\u00f6re, 3 katl\u0131 bir giyim d\u00fckkan\u0131nda hen\u00fcz belirlenemeyen bir nedenle yang\u0131n ba\u015flad\u0131. \u00c7evredeki vatanda\u015flar durumu itfaiye ve polis ekiplerine bildirdi. Polis ekipleri taraf\u0131ndan \u00e7evrede g\u00fcvenlik \u00f6nlemlerini al\u0131nd\u0131. Yang\u0131n, itfaiye ekiplerinin m\u00fcdahalesi sonucu di\u011fer binalara s\u0131\u00e7ramadan k\u0131sa s\u00fcre i\u00e7erisinde s\u00f6nd\u00fcr\u00fcld\u00fc. Yang\u0131n sebebiyle binan\u0131n 2\u2019nci ve 3\u2019\u00fcnc\u00fc katlar\u0131nda maddi hasar olu\u015ftu. Yang\u0131nda can kayb\u0131n\u0131n olmad\u0131\u011f\u0131 \u00f6\u011frenildi.<br \/><\/p>\n","protected":false},"excerpt":{"rendered":"<p>\u0130zmir\u2019de Tarihi Kemeralt\u0131 \u00c7ar\u015f\u0131s\u0131\u2019nda bulunan \u00fc\u00e7 katl\u0131 bir i\u015f yerinde \u00e7\u0131kan yang\u0131n, itfaiye ekipleri taraf\u0131ndan s\u00f6nd\u00fcr\u00fcld\u00fc. Yang\u0131n, saat 10.30 s\u0131ralar\u0131nda Konak il\u00e7esinde bulunan Tarihi Kemeralt\u0131 \u00c7ar\u015f\u0131s\u0131 Kestelli Caddesi No:18\u2019de meydana geldi. Edinilen bilgiye g\u00f6re, 3 katl\u0131 bir giyim d\u00fckkan\u0131nda hen\u00fcz belirlenemeyen bir nedenle yang\u0131n ba\u015flad\u0131. \u00c7evredeki vatanda\u015flar durumu itfaiye ve polis ekiplerine bildirdi. Polis ekipleri&#8230;<\/p>\n","protected":false},"author":1,"featured_media":26052,"comment_status":"open","ping_status":"open","sticky":false,"template":"","format":"standard","meta":{"_crdt_document":"","footnotes":""},"categories":[5],"tags":[],"class_list":["post-26051","post","type-post","status-publish","format-standard","has-post-thumbnail","hentry","category-asayis"],"_links":{"self":[{"href":"https:\/\/www.egemtv.com\/index.php?rest_route=\/wp\/v2\/posts\/26051","targetHints":{"allow":["GET"]}}],"collection":[{"href":"https:\/\/www.egemtv.com\/index.php?rest_route=\/wp\/v2\/posts"}],"about":[{"href":"https:\/\/www.egemtv.com\/index.php?rest_route=\/wp\/v2\/types\/post"}],"author":[{"embeddable":true,"href":"https:\/\/www.egemtv.com\/index.php?rest_route=\/wp\/v2\/users\/1"}],"replies":[{"embeddable":true,"href":"https:\/\/www.egemtv.com\/index.php?rest_route=%2Fwp%2Fv2%2Fcomments&post=26051"}],"version-history":[{"count":1,"href":"https:\/\/www.egemtv.com\/index.php?rest_route=\/wp\/v2\/posts\/26051\/revisions"}],"predecessor-version":[{"id":26053,"href":"https:\/\/www.egemtv.com\/index.php?rest_route=\/wp\/v2\/posts\/26051\/revisions\/26053"}],"wp:featuredmedia":[{"embeddable":true,"href":"https:\/\/www.egemtv.com\/index.php?rest_route=\/wp\/v2\/media\/26052"}],"wp:attachment":[{"href":"https:\/\/www.egemtv.com\/index.php?rest_route=%2Fwp%2Fv2%2Fmedia&parent=26051"}],"wp:term":[{"taxonomy":"category","embeddable":true,"href":"https:\/\/www.egemtv.com\/index.php?rest_route=%2Fwp%2Fv2%2Fcategories&post=26051"},{"taxonomy":"post_tag","embeddable":true,"href":"https:\/\/www.egemtv.com\/index.php?rest_route=%2Fwp%2Fv2%2Ftags&post=26051"}],"curies":[{"name":"wp","href":"https:\/\/api.w.org\/{rel}","templated":true}]}}