{"id":26048,"date":"2025-03-23T12:45:51","date_gmt":"2025-03-23T09:45:51","guid":{"rendered":"https:\/\/www.egemtv.com\/?p=26048"},"modified":"2025-03-23T12:45:53","modified_gmt":"2025-03-23T09:45:53","slug":"aydin-jandarmasi-uyusturucuya-gecit-vermiyor-16-supheli-yakalandi","status":"publish","type":"post","link":"https:\/\/www.egemtv.com\/?p=26048","title":{"rendered":"Ayd\u0131n jandarmas\u0131 uyu\u015fturucuya ge\u00e7it vermiyor: 16 \u015f\u00fcpheli yakaland\u0131"},"content":{"rendered":"<p>Ayd\u0131n\u2019da jandarma ekipleri taraf\u0131ndan uyu\u015fturucu sat\u0131c\u0131s\u0131 ve kullan\u0131c\u0131lar\u0131na y\u00f6nelik ger\u00e7ekle\u015ftirilen \u00e7al\u0131\u015fmalar kapsam\u0131nda 16 \u015f\u00fcpheli \u015fah\u0131s yakaland\u0131.<\/p>\n<p>Ayd\u0131n\u2019da jandarma ekipleri uyu\u015fturucu madde kullan\u0131m\u0131 ve ticaretinin \u00f6nlenmesine y\u00f6nelik \u00e7al\u0131\u015fmalar\u0131n\u0131 aral\u0131ks\u0131z s\u00fcrd\u00fcr\u00fcyor. Edinilen bilgiye g\u00f6re, Ayd\u0131n \u0130l Jandarma Komutanl\u0131\u011f\u0131 KOM \u015eube M\u00fcd\u00fcrl\u00fc\u011f\u00fc koordinesinde \u0130l\u00e7e Jandarma Komutanl\u0131\u011f\u0131 ekiplerince uyu\u015fturucu sat\u0131c\u0131s\u0131 ve kullan\u0131c\u0131lar\u0131na y\u00f6nelik ger\u00e7ekle\u015ftirilen \u00e7al\u0131\u015fmalar kapsam\u0131nda 16 \u015f\u00fcpheli \u015fah\u0131s yakaland\u0131. \u015e\u00fcphelilerin, \u00fcstlerinde, ara\u00e7lar\u0131nda, ev ve i\u015f yerlerinde yap\u0131lan aramalarda da muhtelif miktarda metamfetamin ve uyu\u015fturucu kullanma aparat\u0131 ele ge\u00e7irildi. Yakalanan \u015f\u00fcpheliler hakk\u0131nda adli s\u00fcrecin deva etti\u011fi bilgisine ula\u015f\u0131ld\u0131.<br \/><\/p>\n","protected":false},"excerpt":{"rendered":"<p>Ayd\u0131n\u2019da jandarma ekipleri taraf\u0131ndan uyu\u015fturucu sat\u0131c\u0131s\u0131 ve kullan\u0131c\u0131lar\u0131na y\u00f6nelik ger\u00e7ekle\u015ftirilen \u00e7al\u0131\u015fmalar kapsam\u0131nda 16 \u015f\u00fcpheli \u015fah\u0131s yakaland\u0131. Ayd\u0131n\u2019da jandarma ekipleri uyu\u015fturucu madde kullan\u0131m\u0131 ve ticaretinin \u00f6nlenmesine y\u00f6nelik \u00e7al\u0131\u015fmalar\u0131n\u0131 aral\u0131ks\u0131z s\u00fcrd\u00fcr\u00fcyor. Edinilen bilgiye g\u00f6re, Ayd\u0131n \u0130l Jandarma Komutanl\u0131\u011f\u0131 KOM \u015eube M\u00fcd\u00fcrl\u00fc\u011f\u00fc koordinesinde \u0130l\u00e7e Jandarma Komutanl\u0131\u011f\u0131 ekiplerince uyu\u015fturucu sat\u0131c\u0131s\u0131 ve kullan\u0131c\u0131lar\u0131na y\u00f6nelik ger\u00e7ekle\u015ftirilen \u00e7al\u0131\u015fmalar kapsam\u0131nda 16 \u015f\u00fcpheli \u015fah\u0131s&#8230;<\/p>\n","protected":false},"author":1,"featured_media":26049,"comment_status":"open","ping_status":"open","sticky":false,"template":"","format":"standard","meta":{"_crdt_document":"","footnotes":""},"categories":[5],"tags":[],"class_list":["post-26048","post","type-post","status-publish","format-standard","has-post-thumbnail","hentry","category-asayis"],"_links":{"self":[{"href":"https:\/\/www.egemtv.com\/index.php?rest_route=\/wp\/v2\/posts\/26048","targetHints":{"allow":["GET"]}}],"collection":[{"href":"https:\/\/www.egemtv.com\/index.php?rest_route=\/wp\/v2\/posts"}],"about":[{"href":"https:\/\/www.egemtv.com\/index.php?rest_route=\/wp\/v2\/types\/post"}],"author":[{"embeddable":true,"href":"https:\/\/www.egemtv.com\/index.php?rest_route=\/wp\/v2\/users\/1"}],"replies":[{"embeddable":true,"href":"https:\/\/www.egemtv.com\/index.php?rest_route=%2Fwp%2Fv2%2Fcomments&post=26048"}],"version-history":[{"count":1,"href":"https:\/\/www.egemtv.com\/index.php?rest_route=\/wp\/v2\/posts\/26048\/revisions"}],"predecessor-version":[{"id":26050,"href":"https:\/\/www.egemtv.com\/index.php?rest_route=\/wp\/v2\/posts\/26048\/revisions\/26050"}],"wp:featuredmedia":[{"embeddable":true,"href":"https:\/\/www.egemtv.com\/index.php?rest_route=\/wp\/v2\/media\/26049"}],"wp:attachment":[{"href":"https:\/\/www.egemtv.com\/index.php?rest_route=%2Fwp%2Fv2%2Fmedia&parent=26048"}],"wp:term":[{"taxonomy":"category","embeddable":true,"href":"https:\/\/www.egemtv.com\/index.php?rest_route=%2Fwp%2Fv2%2Fcategories&post=26048"},{"taxonomy":"post_tag","embeddable":true,"href":"https:\/\/www.egemtv.com\/index.php?rest_route=%2Fwp%2Fv2%2Ftags&post=26048"}],"curies":[{"name":"wp","href":"https:\/\/api.w.org\/{rel}","templated":true}]}}