{"id":26045,"date":"2025-03-23T12:22:53","date_gmt":"2025-03-23T09:22:53","guid":{"rendered":"https:\/\/www.egemtv.com\/?p=26045"},"modified":"2025-03-23T12:22:56","modified_gmt":"2025-03-23T09:22:56","slug":"hakkinda-14-yil-hapis-cezasi-bulunan-sahis-yakalandi","status":"publish","type":"post","link":"https:\/\/www.egemtv.com\/?p=26045","title":{"rendered":"Hakk\u0131nda 14 y\u0131l hapis cezas\u0131 bulunan \u015fah\u0131s yakaland\u0131"},"content":{"rendered":"<p>Ayd\u0131n\u2019\u0131n Ko\u00e7arl\u0131 il\u00e7esinde \u2019uyu\u015fturucu ve uyar\u0131c\u0131 madde ticareti yapma ve sa\u011flama\u2019 su\u00e7lar\u0131ndan aranan ve hakk\u0131nda 14 y\u0131l 5 ay 10 g\u00fcn kesinle\u015fmi\u015f hapis cezas\u0131 bulunan \u015fah\u0131s jandarma ekipleri taraf\u0131ndan yakalan\u0131rken, i\u015flemlerinin ard\u0131ndan sevk edildi\u011fi adli mercilerce tutuklanarak cezaevine g\u00f6nderildi.<\/p>\n<p>Ayd\u0131n\u2019da jandarma ekipleri vatanda\u015flar\u0131n huzur ve g\u00fcvenli\u011fi i\u00e7in \u00e7al\u0131\u015fmalar\u0131n\u0131 aral\u0131ks\u0131z s\u00fcrd\u00fcr\u00fcyor. Aranan \u015fah\u0131slara da g\u00f6z a\u00e7t\u0131rmayan jandarma ekipleri ger\u00e7ekle\u015ftirdi\u011fi ba\u015far\u0131l\u0131 operasyonlar\u0131na bir yenisini daha ekledi. Edinilen bilgiye g\u00f6re, Ayd\u0131n \u0130l Jandarma Komutanl\u0131\u011f\u0131 Asayi\u015f \u015eube M\u00fcd\u00fcrl\u00fc\u011f\u00fc JASAT timleri ve Ko\u00e7arl\u0131 \u0130l\u00e7e Jandarma Komutanl\u0131\u011f\u0131 taraf\u0131ndan aranan \u015fah\u0131slar\u0131n yakalanmas\u0131na y\u00f6nelik ger\u00e7ekle\u015ftirilen operasyonlar kapsam\u0131nda; \u2019uyu\u015fturucu ve uyar\u0131c\u0131 madde ticareti yapma ve sa\u011flama\u2019 su\u00e7lar\u0131ndan aranan ve hakk\u0131nda 14 y\u0131l 5 ay 10 g\u00fcn kesinle\u015fmi\u015f hapis cezas\u0131 bulunan T.D. isimli \u015f\u00fcpheli yap\u0131lan fiziki takip sonucu Ko\u00e7arl\u0131 il\u00e7esinde yakalanarak g\u00f6zalt\u0131na al\u0131nd\u0131. Jandarmadaki i\u015flemlerinin ard\u0131ndan adli mercilere sevk edilen T.D. tutuklanarak cezaevine g\u00f6nderildi.<br \/><\/p>\n","protected":false},"excerpt":{"rendered":"<p>Ayd\u0131n\u2019\u0131n Ko\u00e7arl\u0131 il\u00e7esinde \u2019uyu\u015fturucu ve uyar\u0131c\u0131 madde ticareti yapma ve sa\u011flama\u2019 su\u00e7lar\u0131ndan aranan ve hakk\u0131nda 14 y\u0131l 5 ay 10 g\u00fcn kesinle\u015fmi\u015f hapis cezas\u0131 bulunan \u015fah\u0131s jandarma ekipleri taraf\u0131ndan yakalan\u0131rken, i\u015flemlerinin ard\u0131ndan sevk edildi\u011fi adli mercilerce tutuklanarak cezaevine g\u00f6nderildi. Ayd\u0131n\u2019da jandarma ekipleri vatanda\u015flar\u0131n huzur ve g\u00fcvenli\u011fi i\u00e7in \u00e7al\u0131\u015fmalar\u0131n\u0131 aral\u0131ks\u0131z s\u00fcrd\u00fcr\u00fcyor. Aranan \u015fah\u0131slara da g\u00f6z a\u00e7t\u0131rmayan&#8230;<\/p>\n","protected":false},"author":1,"featured_media":26046,"comment_status":"open","ping_status":"open","sticky":false,"template":"","format":"standard","meta":{"_crdt_document":"","footnotes":""},"categories":[5],"tags":[],"class_list":["post-26045","post","type-post","status-publish","format-standard","has-post-thumbnail","hentry","category-asayis"],"_links":{"self":[{"href":"https:\/\/www.egemtv.com\/index.php?rest_route=\/wp\/v2\/posts\/26045","targetHints":{"allow":["GET"]}}],"collection":[{"href":"https:\/\/www.egemtv.com\/index.php?rest_route=\/wp\/v2\/posts"}],"about":[{"href":"https:\/\/www.egemtv.com\/index.php?rest_route=\/wp\/v2\/types\/post"}],"author":[{"embeddable":true,"href":"https:\/\/www.egemtv.com\/index.php?rest_route=\/wp\/v2\/users\/1"}],"replies":[{"embeddable":true,"href":"https:\/\/www.egemtv.com\/index.php?rest_route=%2Fwp%2Fv2%2Fcomments&post=26045"}],"version-history":[{"count":1,"href":"https:\/\/www.egemtv.com\/index.php?rest_route=\/wp\/v2\/posts\/26045\/revisions"}],"predecessor-version":[{"id":26047,"href":"https:\/\/www.egemtv.com\/index.php?rest_route=\/wp\/v2\/posts\/26045\/revisions\/26047"}],"wp:featuredmedia":[{"embeddable":true,"href":"https:\/\/www.egemtv.com\/index.php?rest_route=\/wp\/v2\/media\/26046"}],"wp:attachment":[{"href":"https:\/\/www.egemtv.com\/index.php?rest_route=%2Fwp%2Fv2%2Fmedia&parent=26045"}],"wp:term":[{"taxonomy":"category","embeddable":true,"href":"https:\/\/www.egemtv.com\/index.php?rest_route=%2Fwp%2Fv2%2Fcategories&post=26045"},{"taxonomy":"post_tag","embeddable":true,"href":"https:\/\/www.egemtv.com\/index.php?rest_route=%2Fwp%2Fv2%2Ftags&post=26045"}],"curies":[{"name":"wp","href":"https:\/\/api.w.org\/{rel}","templated":true}]}}