{"id":26036,"date":"2025-03-23T10:45:47","date_gmt":"2025-03-23T07:45:47","guid":{"rendered":"https:\/\/www.egemtv.com\/?p=26036"},"modified":"2025-03-23T10:45:52","modified_gmt":"2025-03-23T07:45:52","slug":"nazillide-hafizlik-egitimini-tamamlayan-ogrencilere-belgeleri-takdim-edildi","status":"publish","type":"post","link":"https:\/\/www.egemtv.com\/?p=26036","title":{"rendered":"Nazilli\u2019de haf\u0131zl\u0131k e\u011fitimini tamamlayan \u00f6\u011frencilere belgeleri takdim edildi"},"content":{"rendered":"<p>Nazilli \u0130l\u00e7e M\u00fcft\u00fcl\u00fc\u011f\u00fc\u2019ne ba\u011fl\u0131 Haf\u0131zl\u0131k Kur\u2019an Kurslar\u0131nda haf\u0131zl\u0131k e\u011fitimini tamamlayan \u00f6\u011frencilere belgeleri \u0130l\u00e7e M\u00fcft\u00fcs\u00fc Hakan T\u00fcre taraf\u0131ndan takdim edildi.<\/p>\n<p>\u00d6\u011frencilerin Kur\u2019an-\u0131 Kerim\u2019i ezberlemeleri ve anlaml\u0131 bir \u015fekilde hayatlar\u0131na katmalar\u0131 i\u00e7in verilen \u00f6zel bir e\u011fitim s\u00fcreci olan haf\u0131zl\u0131k e\u011fitimi yaln\u0131zca dini bilgiyi kazand\u0131rmakla kalmay\u0131p ayn\u0131 zamanda manevi olgunla\u015fmalar\u0131na, ahlaki de\u011ferler kazanmalar\u0131na da katk\u0131 sa\u011fl\u0131yor. Bu kapsamda Nazilli \u0130l\u00e7e M\u00fcft\u00fcl\u00fc\u011f\u00fc\u2019ne ba\u011fl\u0131 Haf\u0131zl\u0131k Kur\u2019an Kurslar\u0131nda e\u011fitimlerini ba\u015far\u0131 ile tamamlayan \u00f6\u011frencilere belgeleri takdim edildi. Nazilli \u0130l\u00e7e M\u00fcft\u00fcl\u00fc\u011f\u00fc\u2019nde ger\u00e7ekle\u015ftirilen t\u00f6rende konu\u015fan \u0130l\u00e7e M\u00fcft\u00fcs\u00fc Hakan T\u00fcre, &#8220;Kur\u2019an kurslar\u0131m\u0131zda haf\u0131zl\u0131klar\u0131n\u0131 tamamlayarak girdikleri s\u0131navda ba\u015far\u0131l\u0131 olan ve haf\u0131zl\u0131k belgesi almaya hak kazanan haf\u0131z evlatlar\u0131m\u0131z\u0131 tebrik ediyorum. Haf\u0131zlar\u0131m\u0131z\u0131n, bundan sonraki hayatlar\u0131nda muvaffakiyetler diliyorum. Onlar\u0131 yeti\u015ftiren anne babalar\u0131na ve hocalar\u0131na da te\u015fekk\u00fcr ediyorum&#8221; dedi.<\/p>\n<p>M\u00fcft\u00fc T\u00fcre konu\u015fmas\u0131n\u0131n ard\u0131ndan haf\u0131zl\u0131k e\u011fitimini ba\u015far\u0131 ile tamamlayan \u00f6\u011frencilere belgelerini takdim etti.<br \/><\/p>\n","protected":false},"excerpt":{"rendered":"<p>Nazilli \u0130l\u00e7e M\u00fcft\u00fcl\u00fc\u011f\u00fc\u2019ne ba\u011fl\u0131 Haf\u0131zl\u0131k Kur\u2019an Kurslar\u0131nda haf\u0131zl\u0131k e\u011fitimini tamamlayan \u00f6\u011frencilere belgeleri \u0130l\u00e7e M\u00fcft\u00fcs\u00fc Hakan T\u00fcre taraf\u0131ndan takdim edildi. \u00d6\u011frencilerin Kur\u2019an-\u0131 Kerim\u2019i ezberlemeleri ve anlaml\u0131 bir \u015fekilde hayatlar\u0131na katmalar\u0131 i\u00e7in verilen \u00f6zel bir e\u011fitim s\u00fcreci olan haf\u0131zl\u0131k e\u011fitimi yaln\u0131zca dini bilgiyi kazand\u0131rmakla kalmay\u0131p ayn\u0131 zamanda manevi olgunla\u015fmalar\u0131na, ahlaki de\u011ferler kazanmalar\u0131na da katk\u0131 sa\u011fl\u0131yor. Bu kapsamda&#8230;<\/p>\n","protected":false},"author":1,"featured_media":26037,"comment_status":"open","ping_status":"open","sticky":false,"template":"","format":"standard","meta":{"_crdt_document":"","footnotes":""},"categories":[1],"tags":[],"class_list":["post-26036","post","type-post","status-publish","format-standard","has-post-thumbnail","hentry","category-guncel"],"_links":{"self":[{"href":"https:\/\/www.egemtv.com\/index.php?rest_route=\/wp\/v2\/posts\/26036","targetHints":{"allow":["GET"]}}],"collection":[{"href":"https:\/\/www.egemtv.com\/index.php?rest_route=\/wp\/v2\/posts"}],"about":[{"href":"https:\/\/www.egemtv.com\/index.php?rest_route=\/wp\/v2\/types\/post"}],"author":[{"embeddable":true,"href":"https:\/\/www.egemtv.com\/index.php?rest_route=\/wp\/v2\/users\/1"}],"replies":[{"embeddable":true,"href":"https:\/\/www.egemtv.com\/index.php?rest_route=%2Fwp%2Fv2%2Fcomments&post=26036"}],"version-history":[{"count":1,"href":"https:\/\/www.egemtv.com\/index.php?rest_route=\/wp\/v2\/posts\/26036\/revisions"}],"predecessor-version":[{"id":26038,"href":"https:\/\/www.egemtv.com\/index.php?rest_route=\/wp\/v2\/posts\/26036\/revisions\/26038"}],"wp:featuredmedia":[{"embeddable":true,"href":"https:\/\/www.egemtv.com\/index.php?rest_route=\/wp\/v2\/media\/26037"}],"wp:attachment":[{"href":"https:\/\/www.egemtv.com\/index.php?rest_route=%2Fwp%2Fv2%2Fmedia&parent=26036"}],"wp:term":[{"taxonomy":"category","embeddable":true,"href":"https:\/\/www.egemtv.com\/index.php?rest_route=%2Fwp%2Fv2%2Fcategories&post=26036"},{"taxonomy":"post_tag","embeddable":true,"href":"https:\/\/www.egemtv.com\/index.php?rest_route=%2Fwp%2Fv2%2Ftags&post=26036"}],"curies":[{"name":"wp","href":"https:\/\/api.w.org\/{rel}","templated":true}]}}