{"id":26033,"date":"2025-03-23T10:45:43","date_gmt":"2025-03-23T07:45:43","guid":{"rendered":"https:\/\/www.egemtv.com\/?p=26033"},"modified":"2025-03-23T10:45:47","modified_gmt":"2025-03-23T07:45:47","slug":"altindag-yaya-ust-gecidi-hizmete-acildi","status":"publish","type":"post","link":"https:\/\/www.egemtv.com\/?p=26033","title":{"rendered":"Alt\u0131nda\u011f Yaya \u00dcst Ge\u00e7idi hizmete a\u00e7\u0131ld\u0131"},"content":{"rendered":"<p>\u0130zmir B\u00fcy\u00fck\u015fehir Belediyesi, Karata\u015f \u00dcst Ge\u00e7idi\u2019nin ard\u0131ndan Bornova Alt\u0131nda\u011f \u00dcst Ge\u00e7idi\u2019ni de hizmete a\u00e7t\u0131. Alt\u0131nda\u011f Mezarl\u0131\u011f\u0131 b\u00f6lgesindeki sokaklar\u0131 birbirine ba\u011flayan yaya \u00fcst ge\u00e7idi yaya ula\u015f\u0131m\u0131n\u0131 rahatlat\u0131rken, modern yap\u0131s\u0131 ve ayd\u0131nlatmas\u0131yla b\u00f6lge halk\u0131n\u0131n be\u011fenisini toplad\u0131.<br \/>\n<br \/>Konforlu ve g\u00fcvenli ula\u015f\u0131m i\u00e7in yat\u0131r\u0131mlar\u0131n\u0131 s\u00fcrd\u00fcren \u0130zmir B\u00fcy\u00fck\u015fehir Belediyesi, Buca Onat T\u00fcneli ile otogar aras\u0131nda kalan ekspres yol \u00fczerinde bulunan Alt\u0131nda\u011f Mezarl\u0131\u011f\u0131 Yaya \u00dcst Ge\u00e7idi\u2019ni hizmete a\u00e7t\u0131. Bornova Alt\u0131nda\u011f Mezarl\u0131\u011f\u0131 b\u00f6lgesindeki 4416 Sokak, 4495 Sokak ile \u00e7evredeki sokaklar\u0131 birbirine ba\u011flayan \u00fcst ge\u00e7it sayesinde yurtta\u015flar\u0131n kar\u015f\u0131dan kar\u015f\u0131ya ge\u00e7mek i\u00e7in y\u00fcr\u00fcmeleri gereken mesafe bir kilometre k\u0131sald\u0131. 47 metre uzunlu\u011funda, 5,5 metre y\u00fcksekli\u011finde, 3 metre geni\u015fli\u011finde, asans\u00f6rl\u00fc \u00fcst ge\u00e7it, modern g\u00f6r\u00fcn\u00fcm\u00fc ve renkli ayd\u0131nlatmas\u0131yla da b\u00f6lge sakinlerinin be\u011fenisini toplad\u0131.<\/p>\n<p>&#8220;Vatanda\u015flar\u0131m\u0131z \u00e7ok memnun&#8221;<br \/>\n<br \/>\u00dcst ge\u00e7idin b\u00f6lgenin \u00f6nemli ihtiya\u00e7lar\u0131ndan biri oldu\u011funu belirten Bornova Zafer Mahallesi Muhtar\u0131 Ali Tek, &#8220;\u00dc\u00e7 sokakla ba\u011flant\u0131m\u0131z yol ge\u00e7ti\u011fi i\u00e7in sa\u011flanam\u0131yordu. Kar\u015f\u0131dan kar\u015f\u0131ya ge\u00e7mek s\u0131k\u0131nt\u0131l\u0131yd\u0131. Bunun i\u00e7in \u00e7ok dola\u015f\u0131lmas\u0131 gerekiyordu. \u0130zmir B\u00fcy\u00fck\u015fehir Belediyesi\u2019ne bu konuyu ilettik, sa\u011f olsunlar bize \u2018hay\u0131r\u2019 demediler. \u0130zmir B\u00fcy\u00fck\u015fehir Belediyesi\u2019ne te\u015fekk\u00fcr ediyoruz. \u00dcst ge\u00e7idin yap\u0131lmas\u0131 ile birlikte art\u0131k bu sorunumuz ortadan kalkt\u0131. Ayd\u0131nlatmas\u0131 sayesinde ak\u015famlar\u0131 da \u00e7ok g\u00fczel oluyor. Burada y\u00fcr\u00fcy\u00fc\u015f yapmak keyifli hale geldi. Vatanda\u015flar\u0131m\u0131z \u00e7ok memnun&#8221; diye konu\u015ftu.<\/p>\n<p>&#8220;Sevgi Yolu gibi oldu&#8221;<br \/>\n<br \/>Zafer Mahallesi sakinlerinden Mehmet Mutlu, \u00fcst ge\u00e7ide \u00e7ok yak\u0131n oturdu\u011funu belirterek, &#8220;Burada daha \u00f6nce kazalar oluyordu. \u015eimdi olmuyor. Kar\u015f\u0131dan kar\u015f\u0131ya ge\u00e7mek i\u00e7in neredeyse bir kilometre dola\u015f\u0131yorduk. Hem ya\u015fl\u0131lar hem mahalle sakinleri ile gen\u00e7ler i\u00e7in \u00e7ok iyi oldu. Ayd\u0131nlatma sayesinde k\u00f6pr\u00fc Sevgi Yolu\u2019na d\u00f6n\u00fc\u015ft\u00fc. Geceleri gen\u00e7ler \u00e7\u0131k\u0131p dola\u015f\u0131yor. Ben \u00fcst ge\u00e7ide yak\u0131n oturuyorum. B\u00f6lgemize \u00fcst ge\u00e7it yap\u0131lmas\u0131ndan dolay\u0131 \u00e7ok mutluyum&#8221; dedi.<\/p>\n<p>&#8220;Biz b\u00f6yle bir \u015fey de beklemiyorduk&#8221;<br \/>\n<br \/>30 y\u0131ll\u0131k mahalle sakini Yusuf Aras ise, &#8220;Bu mahallede 30 y\u0131ld\u0131r ikamet ediyorum. Yukar\u0131dan uzun mesafe y\u00fcr\u00fcy\u00fcp kar\u015f\u0131ya ge\u00e7ebiliyorduk. Bu \u00fcst ge\u00e7idi yapanlara sayg\u0131 duyuyor, eme\u011fi ge\u00e7enlere \u00e7ok te\u015fekk\u00fcr ediyorum. \u00dcst ge\u00e7idimiz \u00e7ok g\u00fczel oldu. Biz b\u00f6yle bir \u015fey de beklemiyorduk. Modern g\u00f6r\u00fcnt\u00fcs\u00fc, asans\u00f6r\u00fc ve ayd\u0131nlatmas\u0131 ile harika bir \u00fcst ge\u00e7it oldu. Yapana da yapt\u0131rana da te\u015fekk\u00fcr ederim. Ak\u015famlar\u0131 buray\u0131 g\u00f6rmeniz laz\u0131m&#8221; ifadelerini kulland\u0131.<br \/><\/p>\n","protected":false},"excerpt":{"rendered":"<p>\u0130zmir B\u00fcy\u00fck\u015fehir Belediyesi, Karata\u015f \u00dcst Ge\u00e7idi\u2019nin ard\u0131ndan Bornova Alt\u0131nda\u011f \u00dcst Ge\u00e7idi\u2019ni de hizmete a\u00e7t\u0131. Alt\u0131nda\u011f Mezarl\u0131\u011f\u0131 b\u00f6lgesindeki sokaklar\u0131 birbirine ba\u011flayan yaya \u00fcst ge\u00e7idi yaya ula\u015f\u0131m\u0131n\u0131 rahatlat\u0131rken, modern yap\u0131s\u0131 ve ayd\u0131nlatmas\u0131yla b\u00f6lge halk\u0131n\u0131n be\u011fenisini toplad\u0131. Konforlu ve g\u00fcvenli ula\u015f\u0131m i\u00e7in yat\u0131r\u0131mlar\u0131n\u0131 s\u00fcrd\u00fcren \u0130zmir B\u00fcy\u00fck\u015fehir Belediyesi, Buca Onat T\u00fcneli ile otogar aras\u0131nda kalan ekspres yol \u00fczerinde bulunan&#8230;<\/p>\n","protected":false},"author":1,"featured_media":26034,"comment_status":"open","ping_status":"open","sticky":false,"template":"","format":"standard","meta":{"_crdt_document":"","footnotes":""},"categories":[1],"tags":[],"class_list":["post-26033","post","type-post","status-publish","format-standard","has-post-thumbnail","hentry","category-guncel"],"_links":{"self":[{"href":"https:\/\/www.egemtv.com\/index.php?rest_route=\/wp\/v2\/posts\/26033","targetHints":{"allow":["GET"]}}],"collection":[{"href":"https:\/\/www.egemtv.com\/index.php?rest_route=\/wp\/v2\/posts"}],"about":[{"href":"https:\/\/www.egemtv.com\/index.php?rest_route=\/wp\/v2\/types\/post"}],"author":[{"embeddable":true,"href":"https:\/\/www.egemtv.com\/index.php?rest_route=\/wp\/v2\/users\/1"}],"replies":[{"embeddable":true,"href":"https:\/\/www.egemtv.com\/index.php?rest_route=%2Fwp%2Fv2%2Fcomments&post=26033"}],"version-history":[{"count":1,"href":"https:\/\/www.egemtv.com\/index.php?rest_route=\/wp\/v2\/posts\/26033\/revisions"}],"predecessor-version":[{"id":26035,"href":"https:\/\/www.egemtv.com\/index.php?rest_route=\/wp\/v2\/posts\/26033\/revisions\/26035"}],"wp:featuredmedia":[{"embeddable":true,"href":"https:\/\/www.egemtv.com\/index.php?rest_route=\/wp\/v2\/media\/26034"}],"wp:attachment":[{"href":"https:\/\/www.egemtv.com\/index.php?rest_route=%2Fwp%2Fv2%2Fmedia&parent=26033"}],"wp:term":[{"taxonomy":"category","embeddable":true,"href":"https:\/\/www.egemtv.com\/index.php?rest_route=%2Fwp%2Fv2%2Fcategories&post=26033"},{"taxonomy":"post_tag","embeddable":true,"href":"https:\/\/www.egemtv.com\/index.php?rest_route=%2Fwp%2Fv2%2Ftags&post=26033"}],"curies":[{"name":"wp","href":"https:\/\/api.w.org\/{rel}","templated":true}]}}