{"id":26030,"date":"2025-03-23T10:45:38","date_gmt":"2025-03-23T07:45:38","guid":{"rendered":"https:\/\/www.egemtv.com\/?p=26030"},"modified":"2025-03-23T10:45:43","modified_gmt":"2025-03-23T07:45:43","slug":"aydin-devlet-hastanesindeki-egitim-programi-sona-erdi","status":"publish","type":"post","link":"https:\/\/www.egemtv.com\/?p=26030","title":{"rendered":"Ayd\u0131n Devlet Hastanesi\u2019ndeki e\u011fitim program\u0131 sona erdi"},"content":{"rendered":"<p>Ayd\u0131n Devlet Hastanesi sa\u011fl\u0131k alan\u0131nda nitelikli personel yeti\u015ftirmeye devam ederken, hastane b\u00fcnyesinde d\u00fczenlenen 15\u2019inci \u2019Yo\u011fun Bak\u0131m Hem\u015fireli\u011fi Sertifikasyon Program\u0131\u2019 6 haftal\u0131k yo\u011fun bir e\u011fitim s\u00fcreci ile tamamland\u0131.<\/p>\n<p>Ayd\u0131n Devlet Hastanesi\u2019ndeki Yo\u011fun Bak\u0131m Hem\u015fireli\u011fi Sertifikasyon Program\u0131, 3 hafta s\u00fcren teorik e\u011fitim ve 3 hafta s\u00fcren pratik e\u011fitimle kat\u0131l\u0131mc\u0131lara yo\u011fun bak\u0131m alan\u0131nda uzmanl\u0131k kazand\u0131rd\u0131. E\u011fitim s\u00fcrecinde, kat\u0131l\u0131mc\u0131lara yo\u011fun bak\u0131m hem\u015fireli\u011finin temel ilkeleri, hasta bak\u0131m\u0131nda kullan\u0131lan teknikler, ekip \u00e7al\u0131\u015fmas\u0131 ve hasta g\u00fcvenli\u011fi konular\u0131nda bilgiler verildi. Hastane y\u00f6neticileri ve alan\u0131nda uzman e\u011fitimciler taraf\u0131ndan verilen e\u011fitimi ba\u015far\u0131yla tamamlayan 12 kat\u0131l\u0131mc\u0131ya sertifikalar\u0131 d\u00fczenlenen t\u00f6renle takdim edildi.<\/p>\n<p>Sa\u011fl\u0131k sekt\u00f6r\u00fcne katk\u0131 sa\u011flayan bu t\u00fcr e\u011fitim programlar\u0131n\u0131n devam edece\u011fini belirten hastane y\u00f6neticileri, e\u011fitim program\u0131n\u0131n \u00f6nemine vurgu yaparak e\u011fitim kapsam\u0131nda hem hastalar\u0131n daha kaliteli bak\u0131m almas\u0131n\u0131 hem de sa\u011fl\u0131k personelinin mesleki geli\u015fimlerini destekledi\u011fini ifade etti.<br \/><\/p>\n","protected":false},"excerpt":{"rendered":"<p>Ayd\u0131n Devlet Hastanesi sa\u011fl\u0131k alan\u0131nda nitelikli personel yeti\u015ftirmeye devam ederken, hastane b\u00fcnyesinde d\u00fczenlenen 15\u2019inci \u2019Yo\u011fun Bak\u0131m Hem\u015fireli\u011fi Sertifikasyon Program\u0131\u2019 6 haftal\u0131k yo\u011fun bir e\u011fitim s\u00fcreci ile tamamland\u0131. Ayd\u0131n Devlet Hastanesi\u2019ndeki Yo\u011fun Bak\u0131m Hem\u015fireli\u011fi Sertifikasyon Program\u0131, 3 hafta s\u00fcren teorik e\u011fitim ve 3 hafta s\u00fcren pratik e\u011fitimle kat\u0131l\u0131mc\u0131lara yo\u011fun bak\u0131m alan\u0131nda uzmanl\u0131k kazand\u0131rd\u0131. E\u011fitim s\u00fcrecinde, kat\u0131l\u0131mc\u0131lara&#8230;<\/p>\n","protected":false},"author":1,"featured_media":26031,"comment_status":"open","ping_status":"open","sticky":false,"template":"","format":"standard","meta":{"_crdt_document":"","footnotes":""},"categories":[1],"tags":[],"class_list":["post-26030","post","type-post","status-publish","format-standard","has-post-thumbnail","hentry","category-guncel"],"_links":{"self":[{"href":"https:\/\/www.egemtv.com\/index.php?rest_route=\/wp\/v2\/posts\/26030","targetHints":{"allow":["GET"]}}],"collection":[{"href":"https:\/\/www.egemtv.com\/index.php?rest_route=\/wp\/v2\/posts"}],"about":[{"href":"https:\/\/www.egemtv.com\/index.php?rest_route=\/wp\/v2\/types\/post"}],"author":[{"embeddable":true,"href":"https:\/\/www.egemtv.com\/index.php?rest_route=\/wp\/v2\/users\/1"}],"replies":[{"embeddable":true,"href":"https:\/\/www.egemtv.com\/index.php?rest_route=%2Fwp%2Fv2%2Fcomments&post=26030"}],"version-history":[{"count":1,"href":"https:\/\/www.egemtv.com\/index.php?rest_route=\/wp\/v2\/posts\/26030\/revisions"}],"predecessor-version":[{"id":26032,"href":"https:\/\/www.egemtv.com\/index.php?rest_route=\/wp\/v2\/posts\/26030\/revisions\/26032"}],"wp:featuredmedia":[{"embeddable":true,"href":"https:\/\/www.egemtv.com\/index.php?rest_route=\/wp\/v2\/media\/26031"}],"wp:attachment":[{"href":"https:\/\/www.egemtv.com\/index.php?rest_route=%2Fwp%2Fv2%2Fmedia&parent=26030"}],"wp:term":[{"taxonomy":"category","embeddable":true,"href":"https:\/\/www.egemtv.com\/index.php?rest_route=%2Fwp%2Fv2%2Fcategories&post=26030"},{"taxonomy":"post_tag","embeddable":true,"href":"https:\/\/www.egemtv.com\/index.php?rest_route=%2Fwp%2Fv2%2Ftags&post=26030"}],"curies":[{"name":"wp","href":"https:\/\/api.w.org\/{rel}","templated":true}]}}