{"id":26021,"date":"2025-03-23T01:44:02","date_gmt":"2025-03-22T22:44:02","guid":{"rendered":"https:\/\/www.egemtv.com\/?p=26021"},"modified":"2025-03-23T01:44:06","modified_gmt":"2025-03-22T22:44:06","slug":"aile-ve-sosyal-hizmetler-bakani-mahinur-ozdemir-goktas-yaslanan-bir-nufusa-sahibiz-dunya-yaslaniyor-turkiye-de-yaslaniyor","status":"publish","type":"post","link":"https:\/\/www.egemtv.com\/?p=26021","title":{"rendered":"Aile ve Sosyal Hizmetler Bakan\u0131 Mahinur \u00d6zdemir G\u00f6kta\u015f: &#8220;Ya\u015flanan bir n\u00fcfusa sahibiz, d\u00fcnya ya\u015flan\u0131yor, T\u00fcrkiye de ya\u015flan\u0131yor&#8221;"},"content":{"rendered":"<p>Aile ve Sosyal Hizmetler Bakan\u0131 Mahinur \u00d6zdemir G\u00f6kta\u015f, d\u00fcnyan\u0131n ve T\u00fcrkiye\u2019nin ya\u015fland\u0131\u011f\u0131n\u0131 ifade ederek, &#8220;Gen\u00e7 ve dinamik n\u00fcfus yap\u0131m\u0131z\u0131 diri tutmak ve canl\u0131 tutmak ad\u0131na ve T\u00fcrkiye\u2019nin gelece\u011fine y\u00f6nelik \u00f6nemli tehdit olarak g\u00f6rd\u00fc\u011f\u00fcm\u00fcz bu demografik d\u00f6n\u00fc\u015f\u00fcme kar\u015f\u0131 n\u00fcfus konusunda \u00e7ok \u00f6nemli \u00e7al\u0131\u015fmalar hayata ge\u00e7irdik&#8221; dedi.<br \/>\n<br \/>Bakan G\u00f6kta\u015f, temaslar bulunmak \u00fczere geldi\u011fi Afyonkarahisar\u2019da partisinin sahur program\u0131na kat\u0131ld\u0131. Programda konu\u015fan Bakan G\u00f6kta\u015f, Cumhurba\u015fkan\u0131 Recep Tayyip Erdo\u011fan\u2019\u0131n bu y\u0131l\u0131 \u2018Aile y\u0131l\u0131\u2019 olarak ilan etti\u011fini kaydetti. Ailenin \u00f6nemine dikkat \u00e7eken Bakan G\u00f6kta\u015f, &#8220;\u00c7\u00fcnk\u00fc ailemiz, gelece\u011fimiz. Ya\u015flanan bir n\u00fcfusa sahibiz. D\u00fcnya ya\u015flan\u0131yor, T\u00fcrkiye de ya\u015flan\u0131yor. Biz de gen\u00e7 ve dinamik n\u00fcfus yap\u0131m\u0131z\u0131 diri tutmak ve canl\u0131 tutmak ad\u0131na ve T\u00fcrkiye\u2019nin gelece\u011fine y\u00f6nelik \u00f6nemli tehdit olarak g\u00f6rd\u00fc\u011f\u00fcm\u00fcz bu demografik d\u00f6n\u00fc\u015f\u00fcme kar\u015f\u0131 n\u00fcfus konusunda \u00e7ok \u00f6nemli \u00e7al\u0131\u015fmalar hayata ge\u00e7irdik. Daha bu y\u0131l \u2018ailemiz, gelece\u011fimiz\u2019 dedik. Gelece\u011fimizi g\u00fcvence alt\u0131na alan \u00e7al\u0131\u015fmalar\u0131 hayata ge\u00e7irdik. \u00c7\u00fcnk\u00fc aile k\u00fcresel tehditle kar\u015f\u0131 kar\u015f\u0131ya. Aile de\u011ferleri hedef al\u0131n\u0131yor. Aile kurumu hi\u00e7 olmad\u0131\u011f\u0131 kadar itibars\u0131zla\u015ft\u0131r\u0131yor. Biz de 2025 aile y\u0131l\u0131nda da aileyi hak etti\u011fi de\u011feri ta\u015f\u0131maya kararl\u0131y\u0131z&#8221; diye konu\u015ftu.<\/p>\n<p>&#8220;Do\u011fum destek sistemi bu hafta meclise geliyor&#8221;<br \/>\n<br \/>3 \u00e7ocuk konusunda sadece T\u00fcrkiye\u2019de de\u011fil d\u00fcnya \u00fclkelerinde de \u00e7al\u0131\u015fma yap\u0131ld\u0131\u011f\u0131n\u0131 ifade eden Bakan G\u00f6kta\u015f, a\u00e7\u0131klamalar\u0131n\u0131 \u015f\u00f6yle s\u00fcrd\u00fcrd\u00fc:<br \/>\n<br \/>&#8220;Do\u011fum destek sistemimizi g\u00fc\u00e7lendirecek. Yani bu hafta da in\u015fallah mecliste g\u00f6r\u00fc\u015ft\u00fckten sonra hayata ge\u00e7ecek. \u0130lk bebek bu y\u0131l do\u011fan, ilk \u00e7ocu\u011fu olan ailelere bin liral\u0131k tek seferlik yard\u0131m\u0131m\u0131z hayata ge\u00e7iyor. \u0130kinci \u00e7ocu\u011fu olana bin 500 lira annenin hesab\u0131na. \u00dc\u00e7\u00fcnc\u00fc \u00e7ocu\u011fu olana be\u015f bin lira annenin hesab\u0131na aidat deste\u011fi hayata ge\u00e7iriyoruz. Vekillerimize sunduklar\u0131 destekten dolay\u0131 da \u00e7ok \u00e7ok te\u015fekk\u00fcr ediyorum. Tabii en b\u00fcy\u00fck deste\u011fimiz \u015f\u00fcphesiz Cumhurba\u015fkan\u0131m\u0131za. \u00c7\u00fcnk\u00fc ailemiz, gelece\u011fimizdir. Sadece bug\u00fcn de\u011fil iki bin yediden beri \u00fc\u00e7 \u00e7ocuk politikas\u0131ndan bahsetti  Cumhurba\u015fkan\u0131m\u0131z \u00e7ok vizyoner bir d\u00fcnya lideri, \u00e7ok vicdaner oldu\u011fu i\u00e7in 2007\u2019den bu yana \u00fc\u00e7 \u00e7ocuk dedi\u011finde baz\u0131 kesimler ne dedi? \u2018G\u00f6r\u00fcyor musun? \u00c7ocu\u011fumuza da kar\u0131\u015f\u0131yor.\u2019 Bug\u00fcn \u00fc\u00e7 \u00e7ocuk, asl\u0131nda ne kadar \u00f6nemli ve de\u011ferli oldu\u011funu b\u00fct\u00fcn d\u00fcnya konu\u015fuyor. Avrupa da konu\u015fuyor, Amerika da konu\u015fuyor. G\u00fcney Kore bu y\u00f6nde \u00e7al\u0131\u015fmalar y\u00fcr\u00fct\u00fcyor.&#8221;<br \/><\/p>\n","protected":false},"excerpt":{"rendered":"<p>Aile ve Sosyal Hizmetler Bakan\u0131 Mahinur \u00d6zdemir G\u00f6kta\u015f, d\u00fcnyan\u0131n ve T\u00fcrkiye\u2019nin ya\u015fland\u0131\u011f\u0131n\u0131 ifade ederek, &#8220;Gen\u00e7 ve dinamik n\u00fcfus yap\u0131m\u0131z\u0131 diri tutmak ve canl\u0131 tutmak ad\u0131na ve T\u00fcrkiye\u2019nin gelece\u011fine y\u00f6nelik \u00f6nemli tehdit olarak g\u00f6rd\u00fc\u011f\u00fcm\u00fcz bu demografik d\u00f6n\u00fc\u015f\u00fcme kar\u015f\u0131 n\u00fcfus konusunda \u00e7ok \u00f6nemli \u00e7al\u0131\u015fmalar hayata ge\u00e7irdik&#8221; dedi. Bakan G\u00f6kta\u015f, temaslar bulunmak \u00fczere geldi\u011fi Afyonkarahisar\u2019da partisinin sahur program\u0131na&#8230;<\/p>\n","protected":false},"author":1,"featured_media":26022,"comment_status":"open","ping_status":"open","sticky":false,"template":"","format":"standard","meta":{"_crdt_document":"","footnotes":""},"categories":[127],"tags":[],"class_list":["post-26021","post","type-post","status-publish","format-standard","has-post-thumbnail","hentry","category-siyaset"],"_links":{"self":[{"href":"https:\/\/www.egemtv.com\/index.php?rest_route=\/wp\/v2\/posts\/26021","targetHints":{"allow":["GET"]}}],"collection":[{"href":"https:\/\/www.egemtv.com\/index.php?rest_route=\/wp\/v2\/posts"}],"about":[{"href":"https:\/\/www.egemtv.com\/index.php?rest_route=\/wp\/v2\/types\/post"}],"author":[{"embeddable":true,"href":"https:\/\/www.egemtv.com\/index.php?rest_route=\/wp\/v2\/users\/1"}],"replies":[{"embeddable":true,"href":"https:\/\/www.egemtv.com\/index.php?rest_route=%2Fwp%2Fv2%2Fcomments&post=26021"}],"version-history":[{"count":1,"href":"https:\/\/www.egemtv.com\/index.php?rest_route=\/wp\/v2\/posts\/26021\/revisions"}],"predecessor-version":[{"id":26023,"href":"https:\/\/www.egemtv.com\/index.php?rest_route=\/wp\/v2\/posts\/26021\/revisions\/26023"}],"wp:featuredmedia":[{"embeddable":true,"href":"https:\/\/www.egemtv.com\/index.php?rest_route=\/wp\/v2\/media\/26022"}],"wp:attachment":[{"href":"https:\/\/www.egemtv.com\/index.php?rest_route=%2Fwp%2Fv2%2Fmedia&parent=26021"}],"wp:term":[{"taxonomy":"category","embeddable":true,"href":"https:\/\/www.egemtv.com\/index.php?rest_route=%2Fwp%2Fv2%2Fcategories&post=26021"},{"taxonomy":"post_tag","embeddable":true,"href":"https:\/\/www.egemtv.com\/index.php?rest_route=%2Fwp%2Fv2%2Ftags&post=26021"}],"curies":[{"name":"wp","href":"https:\/\/api.w.org\/{rel}","templated":true}]}}