{"id":26018,"date":"2025-03-22T23:03:23","date_gmt":"2025-03-22T20:03:23","guid":{"rendered":"https:\/\/www.egemtv.com\/?p=26018"},"modified":"2025-03-22T23:03:28","modified_gmt":"2025-03-22T20:03:28","slug":"devrilen-traktorunun-altinda-hayatini-kaybetti","status":"publish","type":"post","link":"https:\/\/www.egemtv.com\/?p=26018","title":{"rendered":"Devrilen trakt\u00f6r\u00fcn\u00fcn alt\u0131nda hayat\u0131n\u0131 kaybetti"},"content":{"rendered":"<p>Manisa\u2019n\u0131n Akhisar il\u00e7esinde s\u00fcr\u00fcc\u00fcs\u00fcn\u00fcn direksiyon hakimiyetini kaybetti\u011fi trakt\u00f6r devrildi. Devrilen trakt\u00f6r\u00fcn\u00fcn alt\u0131nda kalan s\u00fcr\u00fcc\u00fc olay yerinde hayat\u0131n\u0131 kaybetti.<br \/>\n<br \/>Manisa\u2019n\u0131n Akhisar il\u00e7esine ba\u011fl\u0131 S\u00fcleymank\u00f6y Mahallesi\u2019nde saat 18.40 s\u0131ralar\u0131nda, Cevat Ercan (63) kendisine ait 45 YP 023 plakal\u0131 trakt\u00f6r ile zeytin tarlas\u0131n\u0131 s\u00fcrerken hen\u00fcz bilinmeyen bir nedenle trakt\u00f6r\u00fcn kontrol\u00fcn\u00fc kaybetti. Tarladaki e\u011fimli arazide devrilen trakt\u00f6r\u00fcn alt\u0131nda kalan Ercan, olay yerinde ya\u015fam\u0131n\u0131 yitirdi.<br \/>\n<br \/>Kazay\u0131 g\u00f6ren \u00e7evredeki vatanda\u015flar\u0131n ihbar\u0131 \u00fczerine olay yerine jandarma ve sa\u011fl\u0131k ekipleri sevk edildi. Sa\u011fl\u0131k ekiplerinin yapt\u0131\u011f\u0131 ilk incelemede Cevat Ercan\u2019\u0131n hayat\u0131n\u0131 kaybetti\u011fi belirlendi. Ercan\u2019\u0131n cenazesi, savc\u0131l\u0131k incelemesinin ard\u0131ndan otopsi yap\u0131lmak \u00fczere Akhisar Mustafa Kirazo\u011flu Devlet Hastanesi morguna kald\u0131r\u0131ld\u0131.<br \/>\n<br \/>Jandarma ekipleri olayla ilgili soru\u015fturma ba\u015flat\u0131rken, trakt\u00f6r\u00fcn devrilme nedenine ili\u015fkin teknik incelemelerin s\u00fcrd\u00fc\u011f\u00fc \u00f6\u011frenildi.<br \/><\/p>\n","protected":false},"excerpt":{"rendered":"<p>Manisa\u2019n\u0131n Akhisar il\u00e7esinde s\u00fcr\u00fcc\u00fcs\u00fcn\u00fcn direksiyon hakimiyetini kaybetti\u011fi trakt\u00f6r devrildi. Devrilen trakt\u00f6r\u00fcn\u00fcn alt\u0131nda kalan s\u00fcr\u00fcc\u00fc olay yerinde hayat\u0131n\u0131 kaybetti. Manisa\u2019n\u0131n Akhisar il\u00e7esine ba\u011fl\u0131 S\u00fcleymank\u00f6y Mahallesi\u2019nde saat 18.40 s\u0131ralar\u0131nda, Cevat Ercan (63) kendisine ait 45 YP 023 plakal\u0131 trakt\u00f6r ile zeytin tarlas\u0131n\u0131 s\u00fcrerken hen\u00fcz bilinmeyen bir nedenle trakt\u00f6r\u00fcn kontrol\u00fcn\u00fc kaybetti. Tarladaki e\u011fimli arazide devrilen trakt\u00f6r\u00fcn alt\u0131nda kalan&#8230;<\/p>\n","protected":false},"author":1,"featured_media":26019,"comment_status":"open","ping_status":"open","sticky":false,"template":"","format":"standard","meta":{"_crdt_document":"","footnotes":""},"categories":[5],"tags":[],"class_list":["post-26018","post","type-post","status-publish","format-standard","has-post-thumbnail","hentry","category-asayis"],"_links":{"self":[{"href":"https:\/\/www.egemtv.com\/index.php?rest_route=\/wp\/v2\/posts\/26018","targetHints":{"allow":["GET"]}}],"collection":[{"href":"https:\/\/www.egemtv.com\/index.php?rest_route=\/wp\/v2\/posts"}],"about":[{"href":"https:\/\/www.egemtv.com\/index.php?rest_route=\/wp\/v2\/types\/post"}],"author":[{"embeddable":true,"href":"https:\/\/www.egemtv.com\/index.php?rest_route=\/wp\/v2\/users\/1"}],"replies":[{"embeddable":true,"href":"https:\/\/www.egemtv.com\/index.php?rest_route=%2Fwp%2Fv2%2Fcomments&post=26018"}],"version-history":[{"count":1,"href":"https:\/\/www.egemtv.com\/index.php?rest_route=\/wp\/v2\/posts\/26018\/revisions"}],"predecessor-version":[{"id":26020,"href":"https:\/\/www.egemtv.com\/index.php?rest_route=\/wp\/v2\/posts\/26018\/revisions\/26020"}],"wp:featuredmedia":[{"embeddable":true,"href":"https:\/\/www.egemtv.com\/index.php?rest_route=\/wp\/v2\/media\/26019"}],"wp:attachment":[{"href":"https:\/\/www.egemtv.com\/index.php?rest_route=%2Fwp%2Fv2%2Fmedia&parent=26018"}],"wp:term":[{"taxonomy":"category","embeddable":true,"href":"https:\/\/www.egemtv.com\/index.php?rest_route=%2Fwp%2Fv2%2Fcategories&post=26018"},{"taxonomy":"post_tag","embeddable":true,"href":"https:\/\/www.egemtv.com\/index.php?rest_route=%2Fwp%2Fv2%2Ftags&post=26018"}],"curies":[{"name":"wp","href":"https:\/\/api.w.org\/{rel}","templated":true}]}}