{"id":26015,"date":"2025-03-22T22:41:52","date_gmt":"2025-03-22T19:41:52","guid":{"rendered":"https:\/\/www.egemtv.com\/?p=26015"},"modified":"2025-03-22T22:41:57","modified_gmt":"2025-03-22T19:41:57","slug":"otomobil-tira-carpti-2-kisi-yaralandi","status":"publish","type":"post","link":"https:\/\/www.egemtv.com\/?p=26015","title":{"rendered":"Otomobil t\u0131ra \u00e7arpt\u0131: 2 ki\u015fi yaraland\u0131"},"content":{"rendered":"<p>Afyonkarahisar\u2019da otomobilin t\u0131ra \u00e7arpmas\u0131 sonucu meydana gelen trafik kazas\u0131nda biri Alman biri Ukrayna uyruklu 2 ki\u015fi yaraland\u0131.<br \/>\n<br \/>Kaza, Sand\u0131kl\u0131 il\u00e7esi Kusura k\u00f6y\u00fc yak\u0131nlar\u0131nda meydana geldi. Edinilen bilgilere g\u00f6re, H.T. isimli Alman vatanda\u015f\u0131 idaresindeki B 9888 X A plakal\u0131 otomobil, \u00f6n\u00fcnde seyir halinde olan M.M.B. y\u00f6netimindeki 43 UT 406 plakal\u0131 t\u0131ra \u00e7arpt\u0131. \u00c7arpman\u0131n etkisiyle savrulan otomobil ard\u0131ndan yol kenar\u0131ndaki \u015farampole giderek durabildi. Kazada otomobil s\u00fcr\u00fcc\u00fcs\u00fc ile ara\u00e7ta bulunan Ukrayna vatanda\u015f\u0131 O.V. yaraland\u0131. Yaral\u0131lar olay yerine gelen ambulanslarla hastaneye kald\u0131r\u0131ld\u0131.<br \/>\n<br \/>Kazan\u0131n ard\u0131ndan jandarma taraf\u0131ndan inceleme ba\u015flat\u0131ld\u0131.<br \/><\/p>\n","protected":false},"excerpt":{"rendered":"<p>Afyonkarahisar\u2019da otomobilin t\u0131ra \u00e7arpmas\u0131 sonucu meydana gelen trafik kazas\u0131nda biri Alman biri Ukrayna uyruklu 2 ki\u015fi yaraland\u0131. Kaza, Sand\u0131kl\u0131 il\u00e7esi Kusura k\u00f6y\u00fc yak\u0131nlar\u0131nda meydana geldi. Edinilen bilgilere g\u00f6re, H.T. isimli Alman vatanda\u015f\u0131 idaresindeki B 9888 X A plakal\u0131 otomobil, \u00f6n\u00fcnde seyir halinde olan M.M.B. y\u00f6netimindeki 43 UT 406 plakal\u0131 t\u0131ra \u00e7arpt\u0131. \u00c7arpman\u0131n etkisiyle savrulan otomobil&#8230;<\/p>\n","protected":false},"author":1,"featured_media":26016,"comment_status":"open","ping_status":"open","sticky":false,"template":"","format":"standard","meta":{"_crdt_document":"","footnotes":""},"categories":[5],"tags":[],"class_list":["post-26015","post","type-post","status-publish","format-standard","has-post-thumbnail","hentry","category-asayis"],"_links":{"self":[{"href":"https:\/\/www.egemtv.com\/index.php?rest_route=\/wp\/v2\/posts\/26015","targetHints":{"allow":["GET"]}}],"collection":[{"href":"https:\/\/www.egemtv.com\/index.php?rest_route=\/wp\/v2\/posts"}],"about":[{"href":"https:\/\/www.egemtv.com\/index.php?rest_route=\/wp\/v2\/types\/post"}],"author":[{"embeddable":true,"href":"https:\/\/www.egemtv.com\/index.php?rest_route=\/wp\/v2\/users\/1"}],"replies":[{"embeddable":true,"href":"https:\/\/www.egemtv.com\/index.php?rest_route=%2Fwp%2Fv2%2Fcomments&post=26015"}],"version-history":[{"count":1,"href":"https:\/\/www.egemtv.com\/index.php?rest_route=\/wp\/v2\/posts\/26015\/revisions"}],"predecessor-version":[{"id":26017,"href":"https:\/\/www.egemtv.com\/index.php?rest_route=\/wp\/v2\/posts\/26015\/revisions\/26017"}],"wp:featuredmedia":[{"embeddable":true,"href":"https:\/\/www.egemtv.com\/index.php?rest_route=\/wp\/v2\/media\/26016"}],"wp:attachment":[{"href":"https:\/\/www.egemtv.com\/index.php?rest_route=%2Fwp%2Fv2%2Fmedia&parent=26015"}],"wp:term":[{"taxonomy":"category","embeddable":true,"href":"https:\/\/www.egemtv.com\/index.php?rest_route=%2Fwp%2Fv2%2Fcategories&post=26015"},{"taxonomy":"post_tag","embeddable":true,"href":"https:\/\/www.egemtv.com\/index.php?rest_route=%2Fwp%2Fv2%2Ftags&post=26015"}],"curies":[{"name":"wp","href":"https:\/\/api.w.org\/{rel}","templated":true}]}}