{"id":26012,"date":"2025-03-22T22:06:46","date_gmt":"2025-03-22T19:06:46","guid":{"rendered":"https:\/\/www.egemtv.com\/?p=26012"},"modified":"2025-03-22T22:06:50","modified_gmt":"2025-03-22T19:06:50","slug":"ak-parti-izmir-milletvekili-kasapoglu-kula-ak-partinin-duzenledigi-iftara-katildi","status":"publish","type":"post","link":"https:\/\/www.egemtv.com\/?p=26012","title":{"rendered":"AK Parti \u0130zmir Milletvekili Kasapo\u011flu, Kula AK Parti\u2019nin d\u00fczenledi\u011fi iftara kat\u0131ld\u0131"},"content":{"rendered":"<p>AK Parti \u0130zmir Milletvekili Mehmet Muharrem Kasapo\u011flu, AK Parti Kula \u0130l\u00e7e Ba\u015fkanl\u0131\u011f\u0131 taraf\u0131ndan memleketi Manisa\u2019n\u0131n Kula il\u00e7esinde d\u00fczenlenen iftar program\u0131na kat\u0131larak hem\u015fehrileri ile bir araya geldi.<br \/>\n<br \/>Gen\u00e7lik ev Spor Bakanl\u0131\u011f\u0131 yapt\u0131\u011f\u0131 d\u00f6nemde memleketi Manisa\u2019n\u0131n Kula il\u00e7esine yapt\u0131\u011f\u0131 hizmetlerle hem\u015fehrilerinin gururu haline gelen AK Parti \u0130zmir Milletvekili Dr. Mehmet Muharrem Kasapo\u011flu, AK Parti Kula \u0130l\u00e7e Ba\u015fkanl\u0131\u011f\u0131 taraf\u0131ndan d\u00fczenlenen iftar program\u0131na kat\u0131lmak \u00fczere memleketi Kula\u2019ya geldi. Kula\u2019daki ilk program\u0131nda Kula\u2019da ge\u00e7ti\u011fimiz ay i\u00e7erisinde e\u011fitim \u00f6\u011fretim faaliyetine a\u00e7\u0131lan 4 Eyl\u00fcl Ahmet ve Sabahat \u00d6zmen Ortaokulu\u2019nda incelemelerde bulunan Kasapo\u011flu, iftar saatine kadar esnaf ziyareti yaparak vatanda\u015flar\u0131n istek ve sorunlar\u0131n\u0131 dinledi. Daha sonra Yunus Emre ve \u015eehit \u00d6mer Halisdemir Kent Meydan\u0131\u2019nda d\u00fczenlenen iftar program\u0131nda hem\u015fehrileri ile bir araya gelen Kasapo\u011flu, vatanda\u015flarla tek tek sohbet etti. G\u00f6rev s\u00fcresi boyunca Kula\u2019ya sa\u011flad\u0131\u011f\u0131 hizmetlerin yan\u0131 s\u0131ra h\u00fck\u00fcmet olarak Kula\u2019ya sa\u011flanacak hizmetlere katk\u0131 sunman\u0131n gururunu ya\u015famaya devam etti\u011fini s\u00f6yleyen Kasapo\u011flu, programa kat\u0131lan hem\u015fehrilerine te\u015fekk\u00fcr ederek t\u00fcm Kula halk\u0131n\u0131n ramaan ay\u0131n\u0131 tebrik etti.<br \/>\n<br \/>Kasapo\u011flu, iftar program\u0131n\u0131n ard\u0131ndan Kula Belediye Ba\u015fkan\u0131 Hikmet D\u00f6nmez\u2019i ziyaret ederek Kula\u2019da y\u00fcr\u00fct\u00fclen \u00e7al\u0131\u015fmalarla ilgili bilgi ald\u0131.<br \/>\n<br \/>Bakan Kasapo\u011flu\u2019nun Kula\u2019daki program\u0131na Kaymakam \u00d6mer Ahmet \u00d6zdemir, Selendi Belediye Ba\u015fkan\u0131 Murat Daban, Gen\u00e7lik ve Spor Manisa \u0130l M\u00fcd\u00fcr\u00fc Yunus \u00d6zt\u00fcrk, AK Parti Kula \u0130l\u00e7e Ba\u015fkan\u0131 Nejat G\u00fclmez, partililer ve vatanda\u015flar e\u015flik etti.<br \/><\/p>\n","protected":false},"excerpt":{"rendered":"<p>AK Parti \u0130zmir Milletvekili Mehmet Muharrem Kasapo\u011flu, AK Parti Kula \u0130l\u00e7e Ba\u015fkanl\u0131\u011f\u0131 taraf\u0131ndan memleketi Manisa\u2019n\u0131n Kula il\u00e7esinde d\u00fczenlenen iftar program\u0131na kat\u0131larak hem\u015fehrileri ile bir araya geldi. Gen\u00e7lik ev Spor Bakanl\u0131\u011f\u0131 yapt\u0131\u011f\u0131 d\u00f6nemde memleketi Manisa\u2019n\u0131n Kula il\u00e7esine yapt\u0131\u011f\u0131 hizmetlerle hem\u015fehrilerinin gururu haline gelen AK Parti \u0130zmir Milletvekili Dr. Mehmet Muharrem Kasapo\u011flu, AK Parti Kula \u0130l\u00e7e Ba\u015fkanl\u0131\u011f\u0131&#8230;<\/p>\n","protected":false},"author":1,"featured_media":26013,"comment_status":"open","ping_status":"open","sticky":false,"template":"","format":"standard","meta":{"_crdt_document":"","footnotes":""},"categories":[1],"tags":[],"class_list":["post-26012","post","type-post","status-publish","format-standard","has-post-thumbnail","hentry","category-guncel"],"_links":{"self":[{"href":"https:\/\/www.egemtv.com\/index.php?rest_route=\/wp\/v2\/posts\/26012","targetHints":{"allow":["GET"]}}],"collection":[{"href":"https:\/\/www.egemtv.com\/index.php?rest_route=\/wp\/v2\/posts"}],"about":[{"href":"https:\/\/www.egemtv.com\/index.php?rest_route=\/wp\/v2\/types\/post"}],"author":[{"embeddable":true,"href":"https:\/\/www.egemtv.com\/index.php?rest_route=\/wp\/v2\/users\/1"}],"replies":[{"embeddable":true,"href":"https:\/\/www.egemtv.com\/index.php?rest_route=%2Fwp%2Fv2%2Fcomments&post=26012"}],"version-history":[{"count":1,"href":"https:\/\/www.egemtv.com\/index.php?rest_route=\/wp\/v2\/posts\/26012\/revisions"}],"predecessor-version":[{"id":26014,"href":"https:\/\/www.egemtv.com\/index.php?rest_route=\/wp\/v2\/posts\/26012\/revisions\/26014"}],"wp:featuredmedia":[{"embeddable":true,"href":"https:\/\/www.egemtv.com\/index.php?rest_route=\/wp\/v2\/media\/26013"}],"wp:attachment":[{"href":"https:\/\/www.egemtv.com\/index.php?rest_route=%2Fwp%2Fv2%2Fmedia&parent=26012"}],"wp:term":[{"taxonomy":"category","embeddable":true,"href":"https:\/\/www.egemtv.com\/index.php?rest_route=%2Fwp%2Fv2%2Fcategories&post=26012"},{"taxonomy":"post_tag","embeddable":true,"href":"https:\/\/www.egemtv.com\/index.php?rest_route=%2Fwp%2Fv2%2Ftags&post=26012"}],"curies":[{"name":"wp","href":"https:\/\/api.w.org\/{rel}","templated":true}]}}