{"id":26009,"date":"2025-03-22T22:06:42","date_gmt":"2025-03-22T19:06:42","guid":{"rendered":"https:\/\/www.egemtv.com\/?p=26009"},"modified":"2025-03-22T22:06:46","modified_gmt":"2025-03-22T19:06:46","slug":"kasapoglundan-baskan-donmeze-ziyaret","status":"publish","type":"post","link":"https:\/\/www.egemtv.com\/?p=26009","title":{"rendered":"Kasapo\u011flu\u2019ndan Ba\u015fkan D\u00f6nmez\u2019e ziyaret"},"content":{"rendered":"<p>AK Parti \u0130zmir Milletvekili Mehmet Muharrem Kasapo\u011flu, Kula Belediye Ba\u015fkan\u0131 Hikmet D\u00f6nmez\u2019i ziyaret ederek il\u00e7ede y\u00fcr\u00fct\u00fclen \u00e7al\u0131\u015fmalarla ilgili bilgi ald\u0131.<br \/>\n<br \/>\u00d6nceki d\u00f6nem Gen\u00e7lik ve Spor Bakan\u0131, AK Parti \u0130zmir Milletvekili Mehmet Muharrem Kasapo\u011flu, AK Parti Kula \u0130l\u00e7e Ba\u015fkanl\u0131\u011f\u0131 taraf\u0131ndan Yunus Emre ve \u015eehit \u00d6mer Halisdemir Kent Meydan\u0131\u2019nda d\u00fczenlenen iftar program\u0131na kat\u0131lmak \u00fczere memleketi Kula\u2019ya geldi. \u0130ftar program\u0131nda hem\u015fehrileri ile bir araya gelerek sohbet eden Kasapo\u011flu, iftar program\u0131n\u0131n ard\u0131ndan Kula Belediye Ba\u015fkan\u0131 Hikmet D\u00f6nmez\u2019i ziyaret etti. Kula\u2019da y\u00fcr\u00fct\u00fclen \u00e7al\u0131\u015fmalarla ilgili Ba\u015fkan D\u00f6nmez\u2019den bilgi alan Kasapo\u011flu, Kula halk\u0131na hizmet i\u00e7in y\u00fcr\u00fct\u00fclecek her t\u00fcl\u00fc \u00e7al\u0131\u015fmada destek olmaya haz\u0131r olduklar\u0131n\u0131 s\u00f6yledi. Hem bakanl\u0131k d\u00f6neminde, hem de \u015fimdiki milletvekilli\u011fi g\u00f6revinde Kula halk\u0131na yap\u0131lacak hizmetlere katk\u0131 sunman\u0131n gururunu ya\u015fad\u0131\u011f\u0131n\u0131 dile getiren Kasapo\u011flu, Ba\u015fkan D\u00f6nmez\u2019in Kula halk\u0131n\u0131n yarar\u0131na yapaca\u011f\u0131 hizmetlere de destek olaca\u011f\u0131n\u0131n s\u00f6z\u00fcn\u00fc verdi.<br \/>\n<br \/>Ziyaretten duydu\u011fu memnuniyeti dile getirerek Kula\u2019ya yap\u0131lacak hizmet ve projelere destek olan Kasapo\u011flu\u2019na te\u015fekk\u00fcr eden Kula Belediye Ba\u015fkan\u0131 Hikmet D\u00f6nmez, Kasapo\u011flu\u2019na hediye takdim etti. Kula halk\u0131na hizmet yolunda siyasi parti ay\u0131rmaks\u0131z\u0131n herkesin elini ta\u015f\u0131n alt\u0131na koymas\u0131 gerekti\u011fini alt\u0131n\u0131 \u00e7izen Ba\u015fkan D\u00f6nmez, g\u00f6rev s\u00fcresi boyunca Kula halk\u0131n\u0131n refah\u0131n\u0131 koruyacak, gencinden ya\u015fl\u0131s\u0131na her kesimi mutlu edecek projelerin en k\u0131sa s\u00fcrede hayata ge\u00e7ece\u011fini s\u00f6yledi. Kasapo\u011flu, belediye ziyaretinin ard\u0131ndan Ankara\u2019ya d\u00f6nmek \u00fczere memleketi Kula\u2019dan ayr\u0131ld\u0131.<br \/><\/p>\n","protected":false},"excerpt":{"rendered":"<p>AK Parti \u0130zmir Milletvekili Mehmet Muharrem Kasapo\u011flu, Kula Belediye Ba\u015fkan\u0131 Hikmet D\u00f6nmez\u2019i ziyaret ederek il\u00e7ede y\u00fcr\u00fct\u00fclen \u00e7al\u0131\u015fmalarla ilgili bilgi ald\u0131. \u00d6nceki d\u00f6nem Gen\u00e7lik ve Spor Bakan\u0131, AK Parti \u0130zmir Milletvekili Mehmet Muharrem Kasapo\u011flu, AK Parti Kula \u0130l\u00e7e Ba\u015fkanl\u0131\u011f\u0131 taraf\u0131ndan Yunus Emre ve \u015eehit \u00d6mer Halisdemir Kent Meydan\u0131\u2019nda d\u00fczenlenen iftar program\u0131na kat\u0131lmak \u00fczere memleketi Kula\u2019ya geldi&#8230;.<\/p>\n","protected":false},"author":1,"featured_media":26010,"comment_status":"open","ping_status":"open","sticky":false,"template":"","format":"standard","meta":{"_crdt_document":"","footnotes":""},"categories":[1],"tags":[],"class_list":["post-26009","post","type-post","status-publish","format-standard","has-post-thumbnail","hentry","category-guncel"],"_links":{"self":[{"href":"https:\/\/www.egemtv.com\/index.php?rest_route=\/wp\/v2\/posts\/26009","targetHints":{"allow":["GET"]}}],"collection":[{"href":"https:\/\/www.egemtv.com\/index.php?rest_route=\/wp\/v2\/posts"}],"about":[{"href":"https:\/\/www.egemtv.com\/index.php?rest_route=\/wp\/v2\/types\/post"}],"author":[{"embeddable":true,"href":"https:\/\/www.egemtv.com\/index.php?rest_route=\/wp\/v2\/users\/1"}],"replies":[{"embeddable":true,"href":"https:\/\/www.egemtv.com\/index.php?rest_route=%2Fwp%2Fv2%2Fcomments&post=26009"}],"version-history":[{"count":1,"href":"https:\/\/www.egemtv.com\/index.php?rest_route=\/wp\/v2\/posts\/26009\/revisions"}],"predecessor-version":[{"id":26011,"href":"https:\/\/www.egemtv.com\/index.php?rest_route=\/wp\/v2\/posts\/26009\/revisions\/26011"}],"wp:featuredmedia":[{"embeddable":true,"href":"https:\/\/www.egemtv.com\/index.php?rest_route=\/wp\/v2\/media\/26010"}],"wp:attachment":[{"href":"https:\/\/www.egemtv.com\/index.php?rest_route=%2Fwp%2Fv2%2Fmedia&parent=26009"}],"wp:term":[{"taxonomy":"category","embeddable":true,"href":"https:\/\/www.egemtv.com\/index.php?rest_route=%2Fwp%2Fv2%2Fcategories&post=26009"},{"taxonomy":"post_tag","embeddable":true,"href":"https:\/\/www.egemtv.com\/index.php?rest_route=%2Fwp%2Fv2%2Ftags&post=26009"}],"curies":[{"name":"wp","href":"https:\/\/api.w.org\/{rel}","templated":true}]}}