{"id":26006,"date":"2025-03-22T21:21:35","date_gmt":"2025-03-22T18:21:35","guid":{"rendered":"https:\/\/www.egemtv.com\/?p=26006"},"modified":"2025-03-22T21:21:39","modified_gmt":"2025-03-22T18:21:39","slug":"bakan-goktas-guclu-ve-saglikli-aileler-insa-ederek-ulkemizin-gelecegini-guvenle-sekillendirmeye-devam-edecegiz","status":"publish","type":"post","link":"https:\/\/www.egemtv.com\/?p=26006","title":{"rendered":"Bakan G\u00f6kta\u015f: &#8220;G\u00fc\u00e7l\u00fc ve sa\u011fl\u0131kl\u0131 aileler in\u015fa ederek, \u00fclkemizin gelece\u011fini g\u00fcvenle \u015fekillendirmeye devam edece\u011fiz&#8221;"},"content":{"rendered":"<p>Aile ve Sosyal Hizmetler Bakan\u0131 Mahinur \u00d6zdemir G\u00f6kta\u015f, ailenin korunmas\u0131n\u0131n \u00f6nemine dikkat \u00e7ekerek, &#8220;Hep birlikte g\u00fc\u00e7l\u00fc ve sa\u011fl\u0131kl\u0131 aileler in\u015fa ederek, \u00fclkemizin gelece\u011fini g\u00fcvenle \u015fekillendirmeye devam edece\u011fiz&#8221; dedi.<br \/>\n<br \/>Bakan G\u00f6kta\u015f, Emirda\u011f Belediyesince d\u00fczenlenen b\u00fcy\u00fck aile iftar\u0131 program\u0131na kat\u0131ld\u0131. \u00c7ok say\u0131da ki\u015finin kat\u0131ld\u0131\u011f\u0131 programda konu\u015fan Bakan G\u00f6kta\u015f, Ramazan\u0131n g\u00f6n\u00fcllerin yak\u0131nla\u015ft\u0131\u011f\u0131 \u00f6zel bir zaman oldu\u011funu belirterek, &#8220;Bir arada olu\u015fumuz, sofralar\u0131m\u0131z\u0131 payla\u015fmam\u0131z, birlik ve beraberli\u011fimizin, karde\u015flik ve dostluk ba\u011flar\u0131m\u0131z\u0131n en g\u00fczel ni\u015fanesidir. Bu sofralar, birlikte olman\u0131n, aile olman\u0131n \u00f6nemini ve de\u011ferini bir kez daha anlat\u0131yor&#8221; dedi.<\/p>\n<p>&#8220;Kad\u0131nlar\u0131n g\u00fc\u00e7l\u00fc ailelerdeki rol\u00fcn\u00fc \u00f6nemsiyoruz&#8221;<br \/>\n<br \/>Konu\u015fmas\u0131nda 2025 y\u0131l\u0131n\u0131n &#8220;Aile Y\u0131l\u0131&#8221; ilan edilmesine de\u011finen Bakan G\u00f6kta\u015f \u015funlar\u0131 s\u00f6yledi:<br \/>\n<br \/>&#8220;\u00d6zellikle siz de\u011ferli muhtarlar\u0131m\u0131z, mahallelerimizin, k\u00f6ylerimizin kalbindeki y\u00f6neticiler olarak \u00f6nemli g\u00f6revler d\u00fc\u015f\u00fcyor. Sizler, ailelerle devlet aras\u0131nda bir k\u00f6pr\u00fc g\u00f6revi g\u00f6r\u00fcyorsunuz. Mahallelerinizdeki her aileyi yak\u0131ndan tan\u0131yor, onlar\u0131n ihtiya\u00e7lar\u0131n\u0131, beklentilerini en iyi \u015fekilde biliyorsunuz. Birlikte y\u00fcr\u00fctece\u011fimiz \u00e7al\u0131\u015fmalarla aile olma bilincini y\u00fckseltmek, aile i\u00e7i ileti\u015fimi g\u00fc\u00e7lendirmek ve nesiller aras\u0131nda k\u00f6pr\u00fcler kurmak temel hedefimizdir. Bu ama\u00e7la aileyi destekleyen ve g\u00fc\u00e7lendiren kapsaml\u0131 projeler y\u00fcr\u00fct\u00fcyoruz. Ebeveynlere rehberlik etmek ya\u015fl\u0131lar\u0131n bilgi ve tecr\u00fcbelerinden faydalanmak bizler i\u00e7in \u00e7ok k\u0131ymetli. Kad\u0131nlar\u0131n g\u00fc\u00e7l\u00fc ailelerdeki rol\u00fcn\u00fc \u00f6nemsiyor ve onlar\u0131 desteklemeye y\u00f6nelik projelere \u00f6nem veriyoruz. \u00d6zellikle \u00e7ocuklar\u0131n ve gen\u00e7lerin sa\u011fl\u0131kl\u0131, g\u00fcvenli ve sevgi dolu bir ortamda b\u00fcy\u00fcmelerini sa\u011flamak i\u00e7in her t\u00fcrl\u00fc imkan\u0131 seferber ediyoruz. Bu \u00f6zel y\u0131lda \u2019Aile Y\u0131l\u0131\u2019nda muhtarlar\u0131m\u0131zdan beklentimiz, mahalle ve k\u00f6yleriniz de aile kurumunun g\u00fc\u00e7lenmesi i\u00e7in ger\u00e7ekle\u015ftirilen \u00e7al\u0131\u015fmalara \u00f6nc\u00fcl\u00fck etmenizdir. Biz inan\u0131yoruz ki, sizlerin katk\u0131lar\u0131yla ailelerimiz daha g\u00fc\u00e7l\u00fc, daha mutlu ve huzurlu olacakt\u0131r. Hep birlikte g\u00fc\u00e7l\u00fc ve sa\u011fl\u0131kl\u0131 aileler in\u015fa ederek, \u00fclkemizin gelece\u011fini g\u00fcvenle \u015fekillendirmeye devam edece\u011fiz.&#8221;<br \/><\/p>\n","protected":false},"excerpt":{"rendered":"<p>Aile ve Sosyal Hizmetler Bakan\u0131 Mahinur \u00d6zdemir G\u00f6kta\u015f, ailenin korunmas\u0131n\u0131n \u00f6nemine dikkat \u00e7ekerek, &#8220;Hep birlikte g\u00fc\u00e7l\u00fc ve sa\u011fl\u0131kl\u0131 aileler in\u015fa ederek, \u00fclkemizin gelece\u011fini g\u00fcvenle \u015fekillendirmeye devam edece\u011fiz&#8221; dedi. Bakan G\u00f6kta\u015f, Emirda\u011f Belediyesince d\u00fczenlenen b\u00fcy\u00fck aile iftar\u0131 program\u0131na kat\u0131ld\u0131. \u00c7ok say\u0131da ki\u015finin kat\u0131ld\u0131\u011f\u0131 programda konu\u015fan Bakan G\u00f6kta\u015f, Ramazan\u0131n g\u00f6n\u00fcllerin yak\u0131nla\u015ft\u0131\u011f\u0131 \u00f6zel bir zaman oldu\u011funu belirterek, &#8220;Bir&#8230;<\/p>\n","protected":false},"author":1,"featured_media":26007,"comment_status":"open","ping_status":"open","sticky":false,"template":"","format":"standard","meta":{"_crdt_document":"","footnotes":""},"categories":[127],"tags":[],"class_list":["post-26006","post","type-post","status-publish","format-standard","has-post-thumbnail","hentry","category-siyaset"],"_links":{"self":[{"href":"https:\/\/www.egemtv.com\/index.php?rest_route=\/wp\/v2\/posts\/26006","targetHints":{"allow":["GET"]}}],"collection":[{"href":"https:\/\/www.egemtv.com\/index.php?rest_route=\/wp\/v2\/posts"}],"about":[{"href":"https:\/\/www.egemtv.com\/index.php?rest_route=\/wp\/v2\/types\/post"}],"author":[{"embeddable":true,"href":"https:\/\/www.egemtv.com\/index.php?rest_route=\/wp\/v2\/users\/1"}],"replies":[{"embeddable":true,"href":"https:\/\/www.egemtv.com\/index.php?rest_route=%2Fwp%2Fv2%2Fcomments&post=26006"}],"version-history":[{"count":1,"href":"https:\/\/www.egemtv.com\/index.php?rest_route=\/wp\/v2\/posts\/26006\/revisions"}],"predecessor-version":[{"id":26008,"href":"https:\/\/www.egemtv.com\/index.php?rest_route=\/wp\/v2\/posts\/26006\/revisions\/26008"}],"wp:featuredmedia":[{"embeddable":true,"href":"https:\/\/www.egemtv.com\/index.php?rest_route=\/wp\/v2\/media\/26007"}],"wp:attachment":[{"href":"https:\/\/www.egemtv.com\/index.php?rest_route=%2Fwp%2Fv2%2Fmedia&parent=26006"}],"wp:term":[{"taxonomy":"category","embeddable":true,"href":"https:\/\/www.egemtv.com\/index.php?rest_route=%2Fwp%2Fv2%2Fcategories&post=26006"},{"taxonomy":"post_tag","embeddable":true,"href":"https:\/\/www.egemtv.com\/index.php?rest_route=%2Fwp%2Fv2%2Ftags&post=26006"}],"curies":[{"name":"wp","href":"https:\/\/api.w.org\/{rel}","templated":true}]}}