{"id":26003,"date":"2025-03-22T21:02:11","date_gmt":"2025-03-22T18:02:11","guid":{"rendered":"https:\/\/www.egemtv.com\/?p=26003"},"modified":"2025-03-22T21:02:14","modified_gmt":"2025-03-22T18:02:14","slug":"izmirde-feci-kaza-metrelerce-savrulan-motosikletli-hayatini-kaybetti","status":"publish","type":"post","link":"https:\/\/www.egemtv.com\/?p=26003","title":{"rendered":"\u0130zmir\u2019de feci kaza: Metrelerce savrulan motosikletli hayat\u0131n\u0131 kaybetti"},"content":{"rendered":"<p>\u0130zmir\u2019de bir otomobil kar\u015f\u0131 y\u00f6ne ge\u00e7meye \u00e7al\u0131\u015fan motosikletliye \u00e7arpt\u0131. Metrelerce savrulan motosiklet s\u00fcr\u00fcc\u00fcs\u00fc hayat\u0131n\u0131 kaybederken, kaza an\u0131 bir ba\u015fka arac\u0131n kameras\u0131na anbean yans\u0131d\u0131.<br \/>\n<br \/>Kaza, d\u00fcn ak\u015fam saat 18.30 s\u0131ralar\u0131nda Menderes il\u00e7esi Atat\u00fcrk Caddesi mevkiinde meydana geldi. Edinilen bilgiye g\u00f6re, s\u00fcr\u00fcc\u00fcs\u00fcn ismi \u00f6\u011frenilemeyen 35 AFE 615 plakal\u0131 otomobil, \u0130zmir istikametine seyir halindeyken \u0131\u015f\u0131k ihlali yaparak kar\u015f\u0131 y\u00f6ne ge\u00e7meye \u00e7al\u0131\u015fan Rafi Cengiz (34) y\u00f6netimindeki motosiklete \u00e7arpt\u0131. Kazan\u0131n etkisiyle Rafi Cengiz yakla\u015f\u0131k 5 metre savruldu. Olay\u0131 g\u00f6ren \u00e7evredeki vatanda\u015flar durumu 112 Acil \u00c7a\u011fr\u0131 Merkezi\u2019ne bildirdi. \u0130hbar \u00fczerine b\u00f6lgeye polis ve sa\u011fl\u0131k ekipleri sevk edildi. Olay yerine gelen polis ekipleri trafik kontrol\u00fcn\u00fc sa\u011flarken, sa\u011fl\u0131k ekiplerince yap\u0131lan kontrolde motosiklet s\u00fcr\u00fcc\u00fcs\u00fcn\u00fcn kaza yerinde hayat\u0131n\u0131 kaybetti\u011fi belirlendi. Olay ile ilgili soru\u015fturma ba\u015flat\u0131ld\u0131\u011f\u0131 \u00f6\u011frenildi.<br \/>\n<br \/>\u00d6te yandan kaza an\u0131 motosiklet ile ayn\u0131 y\u00f6ne ge\u00e7meye \u00e7al\u0131\u015fan bir ba\u015fka arac\u0131n kameras\u0131na yans\u0131d\u0131. G\u00f6r\u00fcnt\u00fclerde, k\u0131rm\u0131z\u0131 \u0131\u015f\u0131k ihlali yapan arac\u0131n ye\u015fil \u0131\u015f\u0131\u011f\u0131n yanmas\u0131yla hareket edip kar\u015f\u0131ya ge\u00e7meye \u00e7al\u0131\u015fan Rafi Cengiz\u2019e \u00e7arpt\u0131\u011f\u0131 anlar yer ald\u0131.<br \/><\/p>\n","protected":false},"excerpt":{"rendered":"<p>\u0130zmir\u2019de bir otomobil kar\u015f\u0131 y\u00f6ne ge\u00e7meye \u00e7al\u0131\u015fan motosikletliye \u00e7arpt\u0131. Metrelerce savrulan motosiklet s\u00fcr\u00fcc\u00fcs\u00fc hayat\u0131n\u0131 kaybederken, kaza an\u0131 bir ba\u015fka arac\u0131n kameras\u0131na anbean yans\u0131d\u0131. Kaza, d\u00fcn ak\u015fam saat 18.30 s\u0131ralar\u0131nda Menderes il\u00e7esi Atat\u00fcrk Caddesi mevkiinde meydana geldi. Edinilen bilgiye g\u00f6re, s\u00fcr\u00fcc\u00fcs\u00fcn ismi \u00f6\u011frenilemeyen 35 AFE 615 plakal\u0131 otomobil, \u0130zmir istikametine seyir halindeyken \u0131\u015f\u0131k ihlali yaparak kar\u015f\u0131&#8230;<\/p>\n","protected":false},"author":1,"featured_media":26004,"comment_status":"open","ping_status":"open","sticky":false,"template":"","format":"standard","meta":{"_crdt_document":"","footnotes":""},"categories":[5],"tags":[],"class_list":["post-26003","post","type-post","status-publish","format-standard","has-post-thumbnail","hentry","category-asayis"],"_links":{"self":[{"href":"https:\/\/www.egemtv.com\/index.php?rest_route=\/wp\/v2\/posts\/26003","targetHints":{"allow":["GET"]}}],"collection":[{"href":"https:\/\/www.egemtv.com\/index.php?rest_route=\/wp\/v2\/posts"}],"about":[{"href":"https:\/\/www.egemtv.com\/index.php?rest_route=\/wp\/v2\/types\/post"}],"author":[{"embeddable":true,"href":"https:\/\/www.egemtv.com\/index.php?rest_route=\/wp\/v2\/users\/1"}],"replies":[{"embeddable":true,"href":"https:\/\/www.egemtv.com\/index.php?rest_route=%2Fwp%2Fv2%2Fcomments&post=26003"}],"version-history":[{"count":1,"href":"https:\/\/www.egemtv.com\/index.php?rest_route=\/wp\/v2\/posts\/26003\/revisions"}],"predecessor-version":[{"id":26005,"href":"https:\/\/www.egemtv.com\/index.php?rest_route=\/wp\/v2\/posts\/26003\/revisions\/26005"}],"wp:featuredmedia":[{"embeddable":true,"href":"https:\/\/www.egemtv.com\/index.php?rest_route=\/wp\/v2\/media\/26004"}],"wp:attachment":[{"href":"https:\/\/www.egemtv.com\/index.php?rest_route=%2Fwp%2Fv2%2Fmedia&parent=26003"}],"wp:term":[{"taxonomy":"category","embeddable":true,"href":"https:\/\/www.egemtv.com\/index.php?rest_route=%2Fwp%2Fv2%2Fcategories&post=26003"},{"taxonomy":"post_tag","embeddable":true,"href":"https:\/\/www.egemtv.com\/index.php?rest_route=%2Fwp%2Fv2%2Ftags&post=26003"}],"curies":[{"name":"wp","href":"https:\/\/api.w.org\/{rel}","templated":true}]}}